{"id":96456,"date":"2026-09-06T13:55:37","date_gmt":"2026-09-06T16:55:37","guid":{"rendered":"https:\/\/portalnewsgta.com.br\/index.php\/2026\/09\/06\/detento-e-encontrado-morto-com-cabeca-e-membros-amarrados-em-penitenciaria\/"},"modified":"2026-09-06T13:55:37","modified_gmt":"2026-09-06T16:55:37","slug":"detento-e-encontrado-morto-com-cabeca-e-membros-amarrados-em-penitenciaria","status":"publish","type":"post","link":"https:\/\/portalnewsgta.com.br\/index.php\/2026\/09\/06\/detento-e-encontrado-morto-com-cabeca-e-membros-amarrados-em-penitenciaria\/","title":{"rendered":"Detento \u00e9 encontrado morto com cabe\u00e7a e membros amarrados em penitenci\u00e1ria"},"content":{"rendered":"<p><img decoding=\"async\" src=\"https:\/\/odocumento.com.br\/content\/images\/2026\/09\/cundinamarca-el-rosal-encarcelado-1024x576.webp\" alt=\"Detento &#xE9; encontrado morto com cabe&#xE7;a e membros amarrados em penitenci&#xE1;ria\"><\/p>\n<p><strong><em>Conte&#xFA;do\/ODOC &#8211; <\/em><\/strong>Um detento foi encontrado morto dentro de uma cela da Penitenci&#xE1;ria Osvaldo Florentino Leite Ferreira, conhecida como &#x201C;Ferrugem&#x201D;, na manh&#xE3; deste domingo (6), em Sinop (500 km de Cuiab&#xE1;).<\/p>\n<p>Segundo informa&#xE7;&#xF5;es preliminares, o homem dividia o espa&#xE7;o com outros presos quando teria apresentado um surto. Os demais detentos relataram que precisaram amarr&#xE1;-lo para conseguir cont&#xEA;-lo.<\/p>\n<p>Posteriormente, o presidi&#xE1;rio foi encontrado sem vida dentro da cela. A Per&#xED;cia Oficial e Identifica&#xE7;&#xE3;o T&#xE9;cnica (Politec) esteve na unidade e verificou que ele apresentava sinais de amarra&#xE7;&#xE3;o na cabe&#xE7;a, nos bra&#xE7;os e nas pernas.<\/p>\n<p>At&#xE9; o momento, n&#xE3;o foi divulgada a causa da morte. O caso dever&#xE1; ser investigado para esclarecer o que aconteceu dentro da cela e se houve participa&#xE7;&#xE3;o de outros detentos.<\/p>\n<p><strong>Fonte:<\/strong> Policial &#8211; O DOCUMENTO | Confira as principais not\u00edcias de Cuiab\u00e1, Mato Grosso e regi\u00e3o (https:\/\/odocumento.com.br\/detento-e-encontrado-morto-com-cabeca-e-membros-amarrados-em-penitenciaria\/)<\/p>\n","protected":false},"excerpt":{"rendered":"<p>Conte&#xFA;do\/ODOC &#8211; Um detento foi encontrado morto dentro de uma cela da Penitenci&#xE1;ria Osvaldo Florentino<\/p>\n","protected":false},"author":2,"featured_media":96457,"comment_status":"open","ping_status":"open","sticky":false,"template":"","format":"standard","meta":{"footnotes":""},"categories":[8],"tags":[],"aioseo_notices":[],"_links":{"self":[{"href":"https:\/\/portalnewsgta.com.br\/index.php\/wp-json\/wp\/v2\/posts\/96456"}],"collection":[{"href":"https:\/\/portalnewsgta.com.br\/index.php\/wp-json\/wp\/v2\/posts"}],"about":[{"href":"https:\/\/portalnewsgta.com.br\/index.php\/wp-json\/wp\/v2\/types\/post"}],"author":[{"embeddable":true,"href":"https:\/\/portalnewsgta.com.br\/index.php\/wp-json\/wp\/v2\/users\/2"}],"replies":[{"embeddable":true,"href":"https:\/\/portalnewsgta.com.br\/index.php\/wp-json\/wp\/v2\/comments?post=96456"}],"version-history":[{"count":0,"href":"https:\/\/portalnewsgta.com.br\/index.php\/wp-json\/wp\/v2\/posts\/96456\/revisions"}],"wp:featuredmedia":[{"embeddable":true,"href":"https:\/\/portalnewsgta.com.br\/index.php\/wp-json\/wp\/v2\/media\/96457"}],"wp:attachment":[{"href":"https:\/\/portalnewsgta.com.br\/index.php\/wp-json\/wp\/v2\/media?parent=96456"}],"wp:term":[{"taxonomy":"category","embeddable":true,"href":"https:\/\/portalnewsgta.com.br\/index.php\/wp-json\/wp\/v2\/categories?post=96456"},{"taxonomy":"post_tag","embeddable":true,"href":"https:\/\/portalnewsgta.com.br\/index.php\/wp-json\/wp\/v2\/tags?post=96456"}],"curies":[{"name":"wp","href":"https:\/\/api.w.org\/{rel}","templated":true}]}}