{"id":96454,"date":"2026-09-06T11:55:48","date_gmt":"2026-09-06T14:55:48","guid":{"rendered":"https:\/\/portalnewsgta.com.br\/index.php\/2026\/09\/06\/transporte-coletivo-tera-mudancas-de-itinerarios-e-gratuidade-no-7-de-setembro\/"},"modified":"2026-09-06T11:55:48","modified_gmt":"2026-09-06T14:55:48","slug":"transporte-coletivo-tera-mudancas-de-itinerarios-e-gratuidade-no-7-de-setembro","status":"publish","type":"post","link":"https:\/\/portalnewsgta.com.br\/index.php\/2026\/09\/06\/transporte-coletivo-tera-mudancas-de-itinerarios-e-gratuidade-no-7-de-setembro\/","title":{"rendered":"Transporte coletivo ter\u00e1 mudan\u00e7as de itiner\u00e1rios e gratuidade no 7 de Setembro"},"content":{"rendered":"<p><img decoding=\"async\" src=\"https:\/\/odocumento.com.br\/content\/images\/2026\/09\/WhatsApp-Image-2026-09-05-at-08.26.54.jpeg\" alt=\"Transporte coletivo ter&#xE1; mudan&#xE7;as de itiner&#xE1;rios e gratuidade no 7 de Setembro\"><\/p>\n<p>O transporte coletivo de Cuiab&#xE1; ter&#xE1; mudan&#xE7;as nos itiner&#xE1;rios, refor&#xE7;o nas linhas e gratuidade na segunda-feira (7), durante a programa&#xE7;&#xE3;o do 7 de Setembro. As altera&#xE7;&#xF5;es ser&#xE3;o necess&#xE1;rias devido &#xE0;s interdi&#xE7;&#xF5;es previstas para a realiza&#xE7;&#xE3;o do desfile militar e c&#xED;vico.<\/p>\n<p>A Avenida Get&#xFA;lio Vargas ser&#xE1; interditada no trecho entre a Avenida Prainha e a Avenida Presidente Marques. As linhas que normalmente circulam pela via ser&#xE3;o desviadas pela Avenida Dom Bosco, que ser&#xE1; uma das principais alternativas para o transporte coletivo durante o bloqueio.<\/p>\n<p>Os &#xF4;nibus que seguem para a regi&#xE3;o Sul da cidade, com destino ao Coxip&#xF3;, e normalmente passam pela Esta&#xE7;&#xE3;o Alencastro tamb&#xE9;m ter&#xE3;o o itiner&#xE1;rio alterado. Os ve&#xED;culos n&#xE3;o acessar&#xE3;o a Avenida Get&#xFA;lio Vargas e retornar&#xE3;o pela Esta&#xE7;&#xE3;o Bispo, onde ser&#xE1; realizado o desembarque dos passageiros.<\/p>\n<p>As linhas com destino &#xE0; regi&#xE3;o do CPA manter&#xE3;o o deslocamento em dire&#xE7;&#xE3;o aos bairros. Nos casos em que o itiner&#xE1;rio original utiliza a via interditada, os &#xF4;nibus far&#xE3;o o desvio pela Avenida Dom Bosco.<\/p>\n<p>As interdi&#xE7;&#xF5;es nas ruas que d&#xE3;o acesso &#xE0; Avenida Get&#xFA;lio Vargas, no trecho at&#xE9; a Avenida Presidente Marques, come&#xE7;am &#xE0;s 16h30 de segunda-feira (7). A previs&#xE3;o &#xE9; de que a libera&#xE7;&#xE3;o ocorra de forma gradual ap&#xF3;s o encerramento do evento, com expectativa de que todas as vias estejam liberadas por volta das 21h30.<\/p>\n<p>A Rua Joaquim Murtinho ser&#xE1; interditada mais cedo, a partir das 4h, para a montagem da estrutura do palco que ser&#xE1; utilizado durante a programa&#xE7;&#xE3;o.<\/p>\n<p>Para os motoristas que precisarem passar pela regi&#xE3;o, as principais alternativas ser&#xE3;o as avenidas Mato Grosso e Dom Bosco. A orienta&#xE7;&#xE3;o &#xE9; que condutores e passageiros se programem com anteced&#xEA;ncia, observem a sinaliza&#xE7;&#xE3;o e considerem os desvios durante o per&#xED;odo de bloqueio.<\/p>\n<p>Al&#xE9;m das mudan&#xE7;as nos itiner&#xE1;rios, o transporte coletivo ter&#xE1; gratuidade e refor&#xE7;o na quantidade de &#xF4;nibus para atender &#xE0; demanda durante o feriado. O planejamento seguir&#xE1; o modelo adotado no ano passado.<\/p>\n<p><strong>Fonte:<\/strong> Cidades &#8211; O DOCUMENTO | Confira as principais not\u00edcias de Cuiab\u00e1, Mato Grosso e regi\u00e3o (https:\/\/odocumento.com.br\/transporte-coletivo-tera-mudancas-de-itinerarios-e-gratuidade-no-7-de-setembro\/)<\/p>\n","protected":false},"excerpt":{"rendered":"<p>O transporte coletivo de Cuiab&#xE1; ter&#xE1; mudan&#xE7;as nos itiner&#xE1;rios, refor&#xE7;o nas linhas e gratuidade na<\/p>\n","protected":false},"author":2,"featured_media":96455,"comment_status":"open","ping_status":"open","sticky":false,"template":"","format":"standard","meta":{"footnotes":""},"categories":[7],"tags":[],"aioseo_notices":[],"_links":{"self":[{"href":"https:\/\/portalnewsgta.com.br\/index.php\/wp-json\/wp\/v2\/posts\/96454"}],"collection":[{"href":"https:\/\/portalnewsgta.com.br\/index.php\/wp-json\/wp\/v2\/posts"}],"about":[{"href":"https:\/\/portalnewsgta.com.br\/index.php\/wp-json\/wp\/v2\/types\/post"}],"author":[{"embeddable":true,"href":"https:\/\/portalnewsgta.com.br\/index.php\/wp-json\/wp\/v2\/users\/2"}],"replies":[{"embeddable":true,"href":"https:\/\/portalnewsgta.com.br\/index.php\/wp-json\/wp\/v2\/comments?post=96454"}],"version-history":[{"count":0,"href":"https:\/\/portalnewsgta.com.br\/index.php\/wp-json\/wp\/v2\/posts\/96454\/revisions"}],"wp:featuredmedia":[{"embeddable":true,"href":"https:\/\/portalnewsgta.com.br\/index.php\/wp-json\/wp\/v2\/media\/96455"}],"wp:attachment":[{"href":"https:\/\/portalnewsgta.com.br\/index.php\/wp-json\/wp\/v2\/media?parent=96454"}],"wp:term":[{"taxonomy":"category","embeddable":true,"href":"https:\/\/portalnewsgta.com.br\/index.php\/wp-json\/wp\/v2\/categories?post=96454"},{"taxonomy":"post_tag","embeddable":true,"href":"https:\/\/portalnewsgta.com.br\/index.php\/wp-json\/wp\/v2\/tags?post=96454"}],"curies":[{"name":"wp","href":"https:\/\/api.w.org\/{rel}","templated":true}]}}