{"id":96413,"date":"2026-09-05T18:55:43","date_gmt":"2026-09-05T21:55:43","guid":{"rendered":"https:\/\/portalnewsgta.com.br\/index.php\/2026\/09\/05\/dancarino-de-mt-morre-apos-perder-controle-de-moto-e-bater-contra-mureta\/"},"modified":"2026-09-05T18:55:43","modified_gmt":"2026-09-05T21:55:43","slug":"dancarino-de-mt-morre-apos-perder-controle-de-moto-e-bater-contra-mureta","status":"publish","type":"post","link":"https:\/\/portalnewsgta.com.br\/index.php\/2026\/09\/05\/dancarino-de-mt-morre-apos-perder-controle-de-moto-e-bater-contra-mureta\/","title":{"rendered":"Dan\u00e7arino de MT morre ap\u00f3s perder controle de moto e bater contra mureta"},"content":{"rendered":"<p><img decoding=\"async\" src=\"https:\/\/odocumento.com.br\/content\/images\/2026\/09\/51ff54dc8b418cf5ebeefba622608b02.jpg\" alt=\"Dan&#xE7;arino de MT morre ap&#xF3;s perder controle de moto e bater contra mureta\"><\/p>\n<p>O dan&#xE7;arino&#xA0;Carlos Eduardo Nascimento Silva, de 22 anos, morreu ap&#xF3;s perder o controle da moto que ele pilotava e bater contra uma mureta pr&#xF3;ximo a uma rotat&#xF3;ria, em&#xA0;Tangar&#xE1; da Serra, a 240 km de Cuiab&#xE1;, na madrugada deste s&#xE1;bado (5).<\/p>\n<p>Segundo a Pol&#xED;cia Civil, o acidente ocorreu por volta das 2h e, com o impacto da batida, o jovem morreu ainda no local.<\/p>\n<p>Carlos Eduardo era integrante do grupo de quadrilhas juninas&#xA0;Os de Fora. Em uma nota publicada no Instagram, o grupo lamentou o falecimento do jovem.<\/p>\n<p>&quot;O grupo est&#xE1; inteiramente de luto pela partida do nosso talentoso dan&#xE7;arino. Infelizmente nos deixou, mas sua luz, sua arte e seu legado viver&#xE3;o eternamente nos nossos cora&#xE7;&#xF5;es e em cada passo da nossa hist&#xF3;ria&quot;, diz trecho da nota.<\/p>\n<p>O vel&#xF3;rio est&#xE1; sendo realizado neste s&#xE1;bado (5), na Capela Santa Cruz &#x2013; Espa&#xE7;o da Paz. O sepultamento ocorrer&#xE1; no Cemit&#xE9;rio Municipal Jardim da Paz, &#xE0;s 16h30.<\/p>\n<figure class=\"kg-card kg-video-card kg-width-regular\" data-kg-thumbnail=\"https:\/\/odocumento.com.br\/content\/media\/2026\/09\/91289bce-d213-45c7-9dea-dabd14978069_thumb.jpg\" data-kg-custom-thumbnail>\n<div class=\"kg-video-container\">\n                <video src=\"https:\/\/odocumento.com.br\/content\/media\/2026\/09\/91289bce-d213-45c7-9dea-dabd14978069.mp4\" poster=\"https:\/\/img.spacergif.org\/v1\/832x464\/0a\/spacer.png\" width=\"832\" height=\"464\" playsinline preload=\"metadata\" style=\") 50% 50% \/ cover no-repeat\"><\/video><\/p>\n<div class=\"kg-video-overlay\">\n                    <button class=\"kg-video-large-play-icon\" aria-label=\"Play video\"><\/p>\n<p>                    <\/button>\n                <\/div>\n<div class=\"kg-video-player-container\">\n<div class=\"kg-video-player\">\n                        <button class=\"kg-video-play-icon\" aria-label=\"Play video\"><\/p>\n<p>                        <\/button><br \/>\n                        <button class=\"kg-video-pause-icon kg-video-hide\" aria-label=\"Pause video\"><\/p>\n<p>                        <\/button><br \/>\n                        <span class=\"kg-video-current-time\">0:00<\/span><\/p>\n<div class=\"kg-video-time\">\n                            \/<span class=\"kg-video-duration\">0:19<\/span>\n                        <\/div>\n<p>                        <button class=\"kg-video-playback-rate\" aria-label=\"Adjust playback speed\">1&#xD7;<\/button><br \/>\n                        <button class=\"kg-video-unmute-icon\" aria-label=\"Unmute\"><\/p>\n<p>                        <\/button><br \/>\n                        <button class=\"kg-video-mute-icon kg-video-hide\" aria-label=\"Mute\"><\/p>\n<p>                        <\/button><\/p><\/div>\n<\/p><\/div>\n<\/p><\/div>\n<\/figure>\n<p><strong>Fonte: G1 MT<\/strong><\/p>\n<p><strong>Fonte:<\/strong> Cidades &#8211; O DOCUMENTO | Confira as principais not\u00edcias de Cuiab\u00e1, Mato Grosso e regi\u00e3o (https:\/\/odocumento.com.br\/dancarino-de-mt-morre-apos-perder-controle-de-moto-e-bater-contra-mureta\/)<\/p>\n","protected":false},"excerpt":{"rendered":"<p>O dan&#xE7;arino&#xA0;Carlos Eduardo Nascimento Silva, de 22 anos, morreu ap&#xF3;s perder o controle da moto<\/p>\n","protected":false},"author":2,"featured_media":96414,"comment_status":"open","ping_status":"open","sticky":false,"template":"","format":"standard","meta":{"footnotes":""},"categories":[7],"tags":[],"aioseo_notices":[],"_links":{"self":[{"href":"https:\/\/portalnewsgta.com.br\/index.php\/wp-json\/wp\/v2\/posts\/96413"}],"collection":[{"href":"https:\/\/portalnewsgta.com.br\/index.php\/wp-json\/wp\/v2\/posts"}],"about":[{"href":"https:\/\/portalnewsgta.com.br\/index.php\/wp-json\/wp\/v2\/types\/post"}],"author":[{"embeddable":true,"href":"https:\/\/portalnewsgta.com.br\/index.php\/wp-json\/wp\/v2\/users\/2"}],"replies":[{"embeddable":true,"href":"https:\/\/portalnewsgta.com.br\/index.php\/wp-json\/wp\/v2\/comments?post=96413"}],"version-history":[{"count":0,"href":"https:\/\/portalnewsgta.com.br\/index.php\/wp-json\/wp\/v2\/posts\/96413\/revisions"}],"wp:featuredmedia":[{"embeddable":true,"href":"https:\/\/portalnewsgta.com.br\/index.php\/wp-json\/wp\/v2\/media\/96414"}],"wp:attachment":[{"href":"https:\/\/portalnewsgta.com.br\/index.php\/wp-json\/wp\/v2\/media?parent=96413"}],"wp:term":[{"taxonomy":"category","embeddable":true,"href":"https:\/\/portalnewsgta.com.br\/index.php\/wp-json\/wp\/v2\/categories?post=96413"},{"taxonomy":"post_tag","embeddable":true,"href":"https:\/\/portalnewsgta.com.br\/index.php\/wp-json\/wp\/v2\/tags?post=96413"}],"curies":[{"name":"wp","href":"https:\/\/api.w.org\/{rel}","templated":true}]}}