{"id":96395,"date":"2026-09-05T16:56:12","date_gmt":"2026-09-05T19:56:12","guid":{"rendered":"https:\/\/portalnewsgta.com.br\/index.php\/2026\/09\/05\/abilio-diz-que-lula-nao-enfrentara-stf-o-supremo-elegeu-ele\/"},"modified":"2026-09-05T16:56:12","modified_gmt":"2026-09-05T19:56:12","slug":"abilio-diz-que-lula-nao-enfrentara-stf-o-supremo-elegeu-ele","status":"publish","type":"post","link":"https:\/\/portalnewsgta.com.br\/index.php\/2026\/09\/05\/abilio-diz-que-lula-nao-enfrentara-stf-o-supremo-elegeu-ele\/","title":{"rendered":"Abilio diz que Lula n\u00e3o enfrentar\u00e1 STF: \u201cO Supremo elegeu ele\u201d"},"content":{"rendered":"<p><img decoding=\"async\" src=\"https:\/\/odocumento.com.br\/content\/images\/2026\/09\/2026-07-29-12-53-foto0843-6a6a3010da7d8.jpg\" alt=\"Abilio diz que Lula n&#xE3;o enfrentar&#xE1; STF: &#x201C;O Supremo elegeu ele&#x201D;\"><\/p>\n<p><strong><em>Conte&#xFA;do\/ODOC &#8211; <\/em><\/strong>O prefeito de Cuiab&#xE1;, Abilio Brunini (PL), afirmou nesta sexta-feira (4), durante coletiva de imprensa realizada no s&#xE9;timo andar, que o presidente Luiz In&#xE1;cio Lula da Silva n&#xE3;o dever&#xE1; se posicionar contra o Supremo Tribunal Federal (STF) diante das recentes discuss&#xF5;es envolvendo a Corte.<\/p>\n<p>Abilio afirmou que concorda com a avalia&#xE7;&#xE3;o feita por um jornalista de que Lula n&#xE3;o ir&#xE1; se opor ao Supremo porque, na vis&#xE3;o dele, o pr&#xF3;prio STF teria contribu&#xED;do para o retorno do petista &#xE0; Presid&#xEA;ncia da Rep&#xFA;blica.<\/p>\n<p>&#x201C;Eu vi um jornalista dizendo que Lula n&#xE3;o vai se opor ao Supremo porque o Supremo elegeu ele, e eu acho que &#xE9; isso mesmo&#x201D;, declarou.<\/p>\n<p>Na avalia&#xE7;&#xE3;o do prefeito, a rela&#xE7;&#xE3;o entre os Poderes tamb&#xE9;m dificulta uma rea&#xE7;&#xE3;o mais contundente do Congresso Nacional contra ministros do STF. Abilio afirmou que os senadores teriam receio de comprar uma briga com a Corte e avaliou que, diante da configura&#xE7;&#xE3;o atual, dificilmente haver&#xE1; uma ofensiva contra os ministros.<\/p>\n<p>&#x201C;Eu n&#xE3;o acredito que os senadores, que tamb&#xE9;m t&#xEA;m muito rabo preso ali, v&#xE3;o tomar uma posi&#xE7;&#xE3;o contra o Supremo&#x201D;, afirmou.<\/p>\n<p>Abilio ainda disse acreditar que eventuais investiga&#xE7;&#xF5;es envolvendo ministros da Corte poder&#xE3;o acabar sendo anuladas, assim como, segundo ele, teria ocorrido em outros grandes casos investigados no pa&#xED;s.<\/p>\n<p>&#x201C;Eu acredito que eles v&#xE3;o tentar anular as provas, anular o processo todo, fazer de conta que n&#xE3;o aconteceu nada&#x201D;, disse.<\/p>\n<p>Para o prefeito, esse cen&#xE1;rio poderia repetir o que ele considera ter ocorrido em investiga&#xE7;&#xF5;es relacionadas &#xE0; Lava Jato, ao Mensal&#xE3;o e ao Petrol&#xE3;o.<\/p>\n<p><strong>Fonte:<\/strong> Pol\u00edtica &#8211; O DOCUMENTO | Confira as principais not\u00edcias de Cuiab\u00e1, Mato Grosso e regi\u00e3o (https:\/\/odocumento.com.br\/abilio-diz-que-lula-nao-enfrentara-stf-o-supremo-elegeu-ele\/)<\/p>\n","protected":false},"excerpt":{"rendered":"<p>Conte&#xFA;do\/ODOC &#8211; O prefeito de Cuiab&#xE1;, Abilio Brunini (PL), afirmou nesta sexta-feira (4), durante coletiva<\/p>\n","protected":false},"author":2,"featured_media":96396,"comment_status":"open","ping_status":"open","sticky":false,"template":"","format":"standard","meta":{"footnotes":""},"categories":[2],"tags":[],"aioseo_notices":[],"_links":{"self":[{"href":"https:\/\/portalnewsgta.com.br\/index.php\/wp-json\/wp\/v2\/posts\/96395"}],"collection":[{"href":"https:\/\/portalnewsgta.com.br\/index.php\/wp-json\/wp\/v2\/posts"}],"about":[{"href":"https:\/\/portalnewsgta.com.br\/index.php\/wp-json\/wp\/v2\/types\/post"}],"author":[{"embeddable":true,"href":"https:\/\/portalnewsgta.com.br\/index.php\/wp-json\/wp\/v2\/users\/2"}],"replies":[{"embeddable":true,"href":"https:\/\/portalnewsgta.com.br\/index.php\/wp-json\/wp\/v2\/comments?post=96395"}],"version-history":[{"count":0,"href":"https:\/\/portalnewsgta.com.br\/index.php\/wp-json\/wp\/v2\/posts\/96395\/revisions"}],"wp:featuredmedia":[{"embeddable":true,"href":"https:\/\/portalnewsgta.com.br\/index.php\/wp-json\/wp\/v2\/media\/96396"}],"wp:attachment":[{"href":"https:\/\/portalnewsgta.com.br\/index.php\/wp-json\/wp\/v2\/media?parent=96395"}],"wp:term":[{"taxonomy":"category","embeddable":true,"href":"https:\/\/portalnewsgta.com.br\/index.php\/wp-json\/wp\/v2\/categories?post=96395"},{"taxonomy":"post_tag","embeddable":true,"href":"https:\/\/portalnewsgta.com.br\/index.php\/wp-json\/wp\/v2\/tags?post=96395"}],"curies":[{"name":"wp","href":"https:\/\/api.w.org\/{rel}","templated":true}]}}