{"id":96376,"date":"2026-09-05T10:56:11","date_gmt":"2026-09-05T13:56:11","guid":{"rendered":"https:\/\/portalnewsgta.com.br\/index.php\/2026\/09\/05\/janaina-cobra-investigacao-sobre-caso-moraes-vorcaro-ninguem-esta-acima-da-lei\/"},"modified":"2026-09-05T10:56:11","modified_gmt":"2026-09-05T13:56:11","slug":"janaina-cobra-investigacao-sobre-caso-moraes-vorcaro-ninguem-esta-acima-da-lei","status":"publish","type":"post","link":"https:\/\/portalnewsgta.com.br\/index.php\/2026\/09\/05\/janaina-cobra-investigacao-sobre-caso-moraes-vorcaro-ninguem-esta-acima-da-lei\/","title":{"rendered":"Janaina cobra investiga\u00e7\u00e3o sobre caso Moraes-Vorcaro: \u201cNingu\u00e9m est\u00e1 acima da lei\u201d"},"content":{"rendered":"<p><img decoding=\"async\" src=\"https:\/\/odocumento.com.br\/content\/images\/2026\/09\/IMG_7136.jpeg\" alt=\"Janaina cobra investiga&#xE7;&#xE3;o sobre caso Moraes-Vorcaro: &#x201C;Ningu&#xE9;m est&#xE1; acima da lei&#x201D;\"><\/p>\n<p><strong><em>Conte&#xFA;do\/ODOC &#8211;<\/em><\/strong> A candidata ao Senado Janaina Riva (MDB) elevou o tom ao comentar os novos desdobramentos envolvendo o ministro Alexandre de Moraes, do Supremo Tribunal Federal (STF), e o banqueiro Daniel Vorcaro.<\/p>\n<p>Em uma declara&#xE7;&#xE3;o de forte conte&#xFA;do pol&#xED;tico, Janaina defendeu que o Senado Federal n&#xE3;o fique apenas como espectador diante das informa&#xE7;&#xF5;es que vieram a p&#xFA;blico e cobre esclarecimentos sobre o caso.<\/p>\n<p>Para a candidata, &#xE9; necess&#xE1;rio investigar os fatos, verificar a autenticidade e o contexto dos materiais divulgados e chegar &#xE0; verdade. &#x201C;Ningu&#xE9;m est&#xE1; acima da lei, nem quem julga todo mundo&#x201D;, afirmou Janaina, em tom de cobran&#xE7;a &#xE0;s institui&#xE7;&#xF5;es.<\/p>\n<p>A declara&#xE7;&#xE3;o refor&#xE7;a uma das principais bandeiras que a deputada pretende levar para a disputa pelo Senado: uma atua&#xE7;&#xE3;o mais firme e independente em Bras&#xED;lia.<\/p>\n<p>Janaina afirmou que pretende manter no Congresso a mesma postura que diz ter adotado durante sua trajet&#xF3;ria na Assembleia Legislativa de Mato Grosso, sem fazer distin&#xE7;&#xE3;o entre aliados e advers&#xE1;rios quando estiver diante de quest&#xF5;es que, em sua avalia&#xE7;&#xE3;o, precisam ser esclarecidas. &#x201C;Comigo vai ser diferente. Doa a quem doer. Nunca passei a m&#xE3;o na cabe&#xE7;a de ningu&#xE9;m&#x201D;, declarou.<\/p>\n<p>Politicamente, a fala de Janaina mira diretamente uma discuss&#xE3;o que h&#xE1; anos ocupa espa&#xE7;o no Congresso: os limites entre os Poderes e o papel do Senado na fiscaliza&#xE7;&#xE3;o das institui&#xE7;&#xF5;es da Rep&#xFA;blica.<\/p>\n<p>Como candidata a uma das cadeiras de Mato Grosso no Senado, Janaina busca se apresentar ao eleitor como uma parlamentar que pretende exercer um mandato de enfrentamento e fiscaliza&#xE7;&#xE3;o, especialmente em temas que envolvam autoridades de alto escal&#xE3;o.<\/p>\n<p>O caso Moraes-Vorcaro, portanto, passa a ser tamb&#xE9;m um term&#xF4;metro do posicionamento pol&#xED;tico da candidata.<\/p>\n<p>Ao cobrar investiga&#xE7;&#xE3;o, Janaina tenta transformar a discuss&#xE3;o sobre os fatos revelados em um discurso mais amplo sobre responsabilidade institucional. A mensagem &#xE9; simples: se existem informa&#xE7;&#xF5;es relevantes envolvendo autoridades p&#xFA;blicas, elas precisam ser esclarecidas, independentemente de quem esteja no centro da controv&#xE9;rsia.<\/p>\n<p><strong>Fonte:<\/strong> Pol\u00edtica &#8211; O DOCUMENTO | Confira as principais not\u00edcias de Cuiab\u00e1, Mato Grosso e regi\u00e3o (https:\/\/odocumento.com.br\/janaina-cobra-investigacao-sobre-caso-moraes-vorcaro-ninguem-esta-acima-da-lei-nem-quem-julga-todo-mundo\/)<\/p>\n","protected":false},"excerpt":{"rendered":"<p>Conte&#xFA;do\/ODOC &#8211; A candidata ao Senado Janaina Riva (MDB) elevou o tom ao comentar os<\/p>\n","protected":false},"author":2,"featured_media":96377,"comment_status":"open","ping_status":"open","sticky":false,"template":"","format":"standard","meta":{"footnotes":""},"categories":[2],"tags":[],"aioseo_notices":[],"_links":{"self":[{"href":"https:\/\/portalnewsgta.com.br\/index.php\/wp-json\/wp\/v2\/posts\/96376"}],"collection":[{"href":"https:\/\/portalnewsgta.com.br\/index.php\/wp-json\/wp\/v2\/posts"}],"about":[{"href":"https:\/\/portalnewsgta.com.br\/index.php\/wp-json\/wp\/v2\/types\/post"}],"author":[{"embeddable":true,"href":"https:\/\/portalnewsgta.com.br\/index.php\/wp-json\/wp\/v2\/users\/2"}],"replies":[{"embeddable":true,"href":"https:\/\/portalnewsgta.com.br\/index.php\/wp-json\/wp\/v2\/comments?post=96376"}],"version-history":[{"count":0,"href":"https:\/\/portalnewsgta.com.br\/index.php\/wp-json\/wp\/v2\/posts\/96376\/revisions"}],"wp:featuredmedia":[{"embeddable":true,"href":"https:\/\/portalnewsgta.com.br\/index.php\/wp-json\/wp\/v2\/media\/96377"}],"wp:attachment":[{"href":"https:\/\/portalnewsgta.com.br\/index.php\/wp-json\/wp\/v2\/media?parent=96376"}],"wp:term":[{"taxonomy":"category","embeddable":true,"href":"https:\/\/portalnewsgta.com.br\/index.php\/wp-json\/wp\/v2\/categories?post=96376"},{"taxonomy":"post_tag","embeddable":true,"href":"https:\/\/portalnewsgta.com.br\/index.php\/wp-json\/wp\/v2\/tags?post=96376"}],"curies":[{"name":"wp","href":"https:\/\/api.w.org\/{rel}","templated":true}]}}