{"id":96352,"date":"2026-09-04T23:55:58","date_gmt":"2026-09-05T02:55:58","guid":{"rendered":"https:\/\/portalnewsgta.com.br\/index.php\/2026\/09\/04\/subtenente-de-47-anos-morre-durante-servico-em-batalhao-do-corpo-de-bombeiros-em-cuiaba\/"},"modified":"2026-09-04T23:55:58","modified_gmt":"2026-09-05T02:55:58","slug":"subtenente-de-47-anos-morre-durante-servico-em-batalhao-do-corpo-de-bombeiros-em-cuiaba","status":"publish","type":"post","link":"https:\/\/portalnewsgta.com.br\/index.php\/2026\/09\/04\/subtenente-de-47-anos-morre-durante-servico-em-batalhao-do-corpo-de-bombeiros-em-cuiaba\/","title":{"rendered":"Subtenente de 47 anos morre durante servi\u00e7o em batalh\u00e3o do Corpo de Bombeiros em Cuiab\u00e1"},"content":{"rendered":"<p><img decoding=\"async\" src=\"https:\/\/odocumento.com.br\/content\/images\/2026\/09\/2e45490aa41d81d8b63ae80d998ca5c4.jpg\" alt=\"Subtenente de 47 anos morre durante servi&#xE7;o em batalh&#xE3;o do Corpo de Bombeiros em Cuiab&#xE1;\"><\/p>\n<p><strong><em>Conte&#xFA;do\/ODOC <\/em><\/strong>&#8211; O subtenente Milton Ferreira das Meninas, do Corpo de Bombeiros Militar de Mato Grosso, morreu nesta sexta-feira (4) ap&#xF3;s sofrer uma crise convulsiva enquanto estava de servi&#xE7;o no 1&#xBA; Batalh&#xE3;o, em Cuiab&#xE1;.<\/p>\n<p>Ele recebeu os atendimentos necess&#xE1;rios ainda no local, mas n&#xE3;o resistiu. O governador Otaviano Pivetta manifestou pesar pelo falecimento do militar. &#x201C;Recebi a not&#xED;cia do falecimento do militar com profunda tristeza, e pe&#xE7;o que Deus conforte os cora&#xE7;&#xF5;es dos familiares e amigos nesse momento de profunda dor&#x201D;, lamentou.<\/p>\n<p>Natural de Poxor&#xE9;u, o subtenente tinha 47 anos, dos quais 28 anos foram dedicados ao servi&#xE7;o militar. <\/p>\n<p>O comandante-geral do Corpo de Bombeiros, coronel BM Fl&#xE1;vio Gl&#xEA;dson Vieira Bezerra, destacou a trajet&#xF3;ria do subtenente, marcada por constantes capacita&#xE7;&#xF5;es para o melhor atendimento &#xE0; popula&#xE7;&#xE3;o, tendo recebido medalhas em reconhecimento aos servi&#xE7;os prestados ao longo dos anos.<\/p>\n<p>&#x201C;Nos despedimos de um irm&#xE3;o de farda que dedicou 28 anos de sua vida ao Corpo de Bombeiros Militar e &#xE0; miss&#xE3;o de servir. Ficam a saudade, o respeito e o reconhecimento por sua trajet&#xF3;ria que fez a diferen&#xE7;a na vida daqueles que tiveram a oportunidade de conhec&#xEA;-lo. Que Deus conforte sua fam&#xED;lia e receba o subtenente M. Ferreira em sua morada&#x201D;, manifestou.<\/p>\n<p>O subtenente M. Ferreira deixa dois filhos, familiares, amigos e companheiros de farda. As informa&#xE7;&#xF5;es sobre vel&#xF3;rio e sepultamento ainda ser&#xE3;o divulgados.<\/p>\n<p><strong>Fonte:<\/strong> Cidades &#8211; O DOCUMENTO | Confira as principais not\u00edcias de Cuiab\u00e1, Mato Grosso e regi\u00e3o (https:\/\/odocumento.com.br\/subtenente-de-47-anos-morre-durante-servico-em-batalhao-dos-bombeiros-em-cuiaba\/)<\/p>\n","protected":false},"excerpt":{"rendered":"<p>Conte&#xFA;do\/ODOC &#8211; O subtenente Milton Ferreira das Meninas, do Corpo de Bombeiros Militar de Mato<\/p>\n","protected":false},"author":2,"featured_media":96353,"comment_status":"open","ping_status":"open","sticky":false,"template":"","format":"standard","meta":{"footnotes":""},"categories":[7],"tags":[],"aioseo_notices":[],"_links":{"self":[{"href":"https:\/\/portalnewsgta.com.br\/index.php\/wp-json\/wp\/v2\/posts\/96352"}],"collection":[{"href":"https:\/\/portalnewsgta.com.br\/index.php\/wp-json\/wp\/v2\/posts"}],"about":[{"href":"https:\/\/portalnewsgta.com.br\/index.php\/wp-json\/wp\/v2\/types\/post"}],"author":[{"embeddable":true,"href":"https:\/\/portalnewsgta.com.br\/index.php\/wp-json\/wp\/v2\/users\/2"}],"replies":[{"embeddable":true,"href":"https:\/\/portalnewsgta.com.br\/index.php\/wp-json\/wp\/v2\/comments?post=96352"}],"version-history":[{"count":0,"href":"https:\/\/portalnewsgta.com.br\/index.php\/wp-json\/wp\/v2\/posts\/96352\/revisions"}],"wp:featuredmedia":[{"embeddable":true,"href":"https:\/\/portalnewsgta.com.br\/index.php\/wp-json\/wp\/v2\/media\/96353"}],"wp:attachment":[{"href":"https:\/\/portalnewsgta.com.br\/index.php\/wp-json\/wp\/v2\/media?parent=96352"}],"wp:term":[{"taxonomy":"category","embeddable":true,"href":"https:\/\/portalnewsgta.com.br\/index.php\/wp-json\/wp\/v2\/categories?post=96352"},{"taxonomy":"post_tag","embeddable":true,"href":"https:\/\/portalnewsgta.com.br\/index.php\/wp-json\/wp\/v2\/tags?post=96352"}],"curies":[{"name":"wp","href":"https:\/\/api.w.org\/{rel}","templated":true}]}}