{"id":96350,"date":"2026-09-04T23:55:56","date_gmt":"2026-09-05T02:55:56","guid":{"rendered":"https:\/\/portalnewsgta.com.br\/index.php\/2026\/09\/04\/janaina-assume-compromisso-para-mudar-regras-do-bpc-e-ampliar-autonomia-de-pessoas-com-deficiencia\/"},"modified":"2026-09-04T23:55:56","modified_gmt":"2026-09-05T02:55:56","slug":"janaina-assume-compromisso-para-mudar-regras-do-bpc-e-ampliar-autonomia-de-pessoas-com-deficiencia","status":"publish","type":"post","link":"https:\/\/portalnewsgta.com.br\/index.php\/2026\/09\/04\/janaina-assume-compromisso-para-mudar-regras-do-bpc-e-ampliar-autonomia-de-pessoas-com-deficiencia\/","title":{"rendered":"Janaina assume compromisso para mudar regras do BPC e ampliar autonomia de pessoas com defici\u00eancia"},"content":{"rendered":"<p><img decoding=\"async\" src=\"https:\/\/odocumento.com.br\/content\/images\/2026\/09\/d922e0f5-b6c4-43d2-9eb8-31a13521b84f.jpg\" alt=\"Janaina assume compromisso para mudar regras do BPC e ampliar autonomia de pessoas com defici&#xEA;ncia\"><\/p>\n<p>A candidata a senadora Janaina Riva (MDB) assumiu o compromisso de levar ao Congresso Nacional a discuss&#xE3;o sobre mudan&#xE7;as nas regras do Benef&#xED;cio de Presta&#xE7;&#xE3;o Continuada (BPC) para ampliar a autonomia das pessoas com defici&#xEA;ncia. A proposta foi apresentada por Maysa Le&#xE3;o (Republicanos), candidata a deputada estadual e defensora de pautas ligadas ao autismo e &#xE0; neurodiverg&#xEA;ncia, durante evento realizado na noite de quinta-feira (3).<\/p>\n<p>Maysa defendeu que o BPC funcione como prote&#xE7;&#xE3;o social sem se transformar em barreira &#xE0; autonomia financeira e ao acesso ao mercado de trabalho.<\/p>\n<p>&#x201C;Eu fiz um compromisso com a Janaina e pedi que essa seja uma das primeiras lutas dela no Senado: mudar as regras para que o BPC n&#xE3;o impe&#xE7;a as pessoas com defici&#xEA;ncia e suas fam&#xED;lias de trabalhar e prosperar. O benef&#xED;cio &#xE9; uma base de prote&#xE7;&#xE3;o, mas n&#xE3;o pode condenar ningu&#xE9;m a viver na pobreza. Queremos que essas pessoas tenham oportunidade de trabalhar, crescer e construir sua pr&#xF3;pria autonomia&#x201D;, afirmou Maysa.<\/p>\n<p>Janaina disse que passou a estudar o assunto com mais profundidade e se comprometeu a levar o debate sobre o BPC ao Senado. &#x201C;A Maysa me deu uma aula, fui pesquisar mais sobre o tema e coloquei no meu plano de trabalho para o Senado essa luta. N&#xF3;s precisamos desenhar uma legisla&#xE7;&#xE3;o que traga benef&#xED;cio para essas fam&#xED;lias&#x201D;, afirmou.<\/p>\n<p>O encontro tamb&#xE9;m abordou a situa&#xE7;&#xE3;o de m&#xE3;es e cuidadores de crian&#xE7;as e adultos autistas e de outras pessoas que necessitam de acompanhamento permanente. Janaina defendeu que o Congresso avance na discuss&#xE3;o sobre prote&#xE7;&#xE3;o previdenci&#xE1;ria para quem deixa ou reduz sua participa&#xE7;&#xE3;o no mercado de trabalho para assumir os cuidados de um familiar.<\/p>\n<p>&#x201C;Muitas vezes, quem est&#xE1; cuidando dentro de casa n&#xE3;o consegue se aposentar. Se essa pessoa est&#xE1; cuidando e protegendo algu&#xE9;m, est&#xE1; inclusive assumindo uma responsabilidade que, em muitas situa&#xE7;&#xF5;es, dependeria do Estado. Nada mais justo do que garantir dignidade a esse cuidador e a essa cuidadora&#x201D;, declarou.<\/p>\n<p>Durante o evento, Janaina tamb&#xE9;m relatou uma experi&#xEA;ncia pessoal. Ela contou que procurou Maysa quando o filho, Jos&#xE9;, recebeu o diagn&#xF3;stico de TDAH e falou sobre as inseguran&#xE7;as que surgiram naquele momento.<\/p>\n<p>&#x201C;Quando a gente tem o diagn&#xF3;stico dentro de casa, mil sentimentos e medos surgem. E agora, o que eu vou fazer? Quem vai zelar pelo meu filho? E quando eu n&#xE3;o estiver aqui? &#xC9; uma batalha di&#xE1;ria&#x201D;, relatou.<\/p>\n<p>A candidata reconheceu que disp&#xF5;e de condi&#xE7;&#xF5;es para oferecer acompanhamento m&#xE9;dico, medica&#xE7;&#xE3;o e estrutura ao filho, mas chamou aten&#xE7;&#xE3;o para a realidade de quem depende exclusivamente da rede p&#xFA;blica, especialmente m&#xE3;es solo respons&#xE1;veis pelos cuidados.<\/p>\n<p>&#x201C;Eu sou uma pessoa com acesso &#xE0; sa&#xFA;de, a um plano adequado e a uma medica&#xE7;&#xE3;o que n&#xE3;o &#xE9; barata. Mas n&#xF3;s precisamos nos colocar no lugar daquela pessoa que n&#xE3;o tem as mesmas condi&#xE7;&#xF5;es. Geralmente, quem est&#xE1; &#xE0; frente desse processo &#xE9; uma mulher e, muitas vezes, uma m&#xE3;e solo&#x201D;, disse.<\/p>\n<p>Janaina e Maysa tamb&#xE9;m defenderam a amplia&#xE7;&#xE3;o do acesso a diagn&#xF3;stico e tratamento especializado no interior de Mato Grosso, com atendimento estruturado em cidades-polo para reduzir a necessidade de longos deslocamentos.<\/p>\n<p>&#x201C;Eu sei que voc&#xEA; tem o sonho de levar diagn&#xF3;stico para cidades-polo de Mato Grosso e tratamento digno. Para isso, vamos usar emendas parlamentares. Vamos somar o meu recurso como senadora e o seu como deputada estadual&#x201D;, afirmou Janaina.<\/p>\n<p>Ao declarar apoio &#xE0; candidatura de Maysa, Janaina afirmou que pretende contar com a experi&#xEA;ncia da candidata na constru&#xE7;&#xE3;o de propostas sobre autismo e neurodiverg&#xEA;ncia.<\/p>\n<p>&#x201C;Estando no Senado, eu jamais vou discutir neurodiverg&#xEA;ncia sem ter a sua opini&#xE3;o e o seu parecer ao meu lado. Eu quero ver voc&#xEA; comigo na tribuna do Senado para defender essa pauta&#x201D;, concluiu.<\/p>\n<p><strong>Fonte:<\/strong> Pol\u00edtica &#8211; O DOCUMENTO | Confira as principais not\u00edcias de Cuiab\u00e1, Mato Grosso e regi\u00e3o (https:\/\/odocumento.com.br\/janaina-assume-compromisso-para-mudar-regras-do-bpc-e-ampliar-autonomia-de-pessoas-com-deficiencia\/)<\/p>\n","protected":false},"excerpt":{"rendered":"<p>A candidata a senadora Janaina Riva (MDB) assumiu o compromisso de levar ao Congresso Nacional<\/p>\n","protected":false},"author":2,"featured_media":96351,"comment_status":"open","ping_status":"open","sticky":false,"template":"","format":"standard","meta":{"footnotes":""},"categories":[2],"tags":[],"aioseo_notices":[],"_links":{"self":[{"href":"https:\/\/portalnewsgta.com.br\/index.php\/wp-json\/wp\/v2\/posts\/96350"}],"collection":[{"href":"https:\/\/portalnewsgta.com.br\/index.php\/wp-json\/wp\/v2\/posts"}],"about":[{"href":"https:\/\/portalnewsgta.com.br\/index.php\/wp-json\/wp\/v2\/types\/post"}],"author":[{"embeddable":true,"href":"https:\/\/portalnewsgta.com.br\/index.php\/wp-json\/wp\/v2\/users\/2"}],"replies":[{"embeddable":true,"href":"https:\/\/portalnewsgta.com.br\/index.php\/wp-json\/wp\/v2\/comments?post=96350"}],"version-history":[{"count":0,"href":"https:\/\/portalnewsgta.com.br\/index.php\/wp-json\/wp\/v2\/posts\/96350\/revisions"}],"wp:featuredmedia":[{"embeddable":true,"href":"https:\/\/portalnewsgta.com.br\/index.php\/wp-json\/wp\/v2\/media\/96351"}],"wp:attachment":[{"href":"https:\/\/portalnewsgta.com.br\/index.php\/wp-json\/wp\/v2\/media?parent=96350"}],"wp:term":[{"taxonomy":"category","embeddable":true,"href":"https:\/\/portalnewsgta.com.br\/index.php\/wp-json\/wp\/v2\/categories?post=96350"},{"taxonomy":"post_tag","embeddable":true,"href":"https:\/\/portalnewsgta.com.br\/index.php\/wp-json\/wp\/v2\/tags?post=96350"}],"curies":[{"name":"wp","href":"https:\/\/api.w.org\/{rel}","templated":true}]}}