{"id":96324,"date":"2026-09-04T19:55:42","date_gmt":"2026-09-04T22:55:42","guid":{"rendered":"https:\/\/portalnewsgta.com.br\/index.php\/2026\/09\/04\/motorista-da-bmw-que-matou-motociclista-ja-foi-preso-por-agredir-e-ameacar-esposa\/"},"modified":"2026-09-04T19:55:42","modified_gmt":"2026-09-04T22:55:42","slug":"motorista-da-bmw-que-matou-motociclista-ja-foi-preso-por-agredir-e-ameacar-esposa","status":"publish","type":"post","link":"https:\/\/portalnewsgta.com.br\/index.php\/2026\/09\/04\/motorista-da-bmw-que-matou-motociclista-ja-foi-preso-por-agredir-e-ameacar-esposa\/","title":{"rendered":"Motorista da BMW que matou motociclista j\u00e1 foi preso por agredir e amea\u00e7ar esposa"},"content":{"rendered":"<p><img decoding=\"async\" src=\"https:\/\/odocumento.com.br\/content\/images\/2026\/09\/244c6770cf72dccce3c5ac48c243cb5f.jpg\" alt=\"Motorista da BMW que matou motociclista j&#xE1; foi preso por agredir e amea&#xE7;ar esposa\"><\/p>\n<p><strong><em>Conte&#xFA;do\/ODOC<\/em><\/strong> &#8211; Herc&#xED;lio Junior Freitas Cordeiro, de 22 anos, identificado como condutor da BMW envolvida no acidente que matou o motociclista Paulo Messias Sim&#xE3;o Costa, de 23 anos, em Cuiab&#xE1;, j&#xE1; foi preso em flagrante por viol&#xEA;ncia dom&#xE9;stica em Goi&#xE2;nia (GO). Ele responde a um processo criminal por agress&#xE3;o, amea&#xE7;a e dano contra a ent&#xE3;o esposa.<\/p>\n<p>Segundo documentos do processo, o Minist&#xE9;rio P&#xFA;blico de Goi&#xE1;s denunciou Herc&#xED;lio pelos crimes de les&#xE3;o corporal qualificada, amea&#xE7;a qualificada e dano qualificado, que teriam sido praticados contra a mulher em abril deste ano. Atualmente, os dois est&#xE3;o separados.<\/p>\n<p>De acordo com a den&#xFA;ncia, a v&#xED;tima relatou que j&#xE1; havia sido agredida fisicamente pelo ent&#xE3;o marido em outras ocasi&#xF5;es. O casal estava casado havia cerca de um ano.<\/p>\n<p>No epis&#xF3;dio que resultou na pris&#xE3;o em flagrante, ocorrido em 24 de abril, os dois teriam discutido no apartamento onde moravam. Conforme o relato da mulher registrado no processo, Herc&#xED;lio teria puxado os cabelos dela e arrancado parte deles.<\/p>\n<p>Ainda segundo a den&#xFA;ncia, ele tamb&#xE9;m teria arremessado o celular da esposa contra o ch&#xE3;o, quebrando o aparelho. Durante a discuss&#xE3;o, conforme o relato apresentado no processo, Herc&#xED;lio teria dito: &#x201C;Voc&#xEA; &#xE9; uma puta, uma vagabunda, desgra&#xE7;ada, interesseira, voc&#xEA; s&#xF3; se aproveitou de mim&#x201D;.<\/p>\n<p>A v&#xED;tima tamb&#xE9;m relatou ter sido amea&#xE7;ada durante o epis&#xF3;dio e afirmou &#xE0; pol&#xED;cia que j&#xE1; havia acionado a Pol&#xED;cia Militar em outras ocasi&#xF5;es, registrado ocorr&#xEA;ncia e solicitado medidas protetivas.<\/p>\n<p>No processo, a mulher ainda declarou que Herc&#xED;lio faria uso frequente de bebida alco&#xF3;lica e que, segundo ela, o consumo o deixaria mais agressivo.<\/p>\n<p><strong>NOVA INVESTIGA&#xC7;&#xC3;O<\/strong><\/p>\n<p>Meses depois, Herc&#xED;lio voltou a ser alvo de uma investiga&#xE7;&#xE3;o policial, desta vez em Cuiab&#xE1;, ap&#xF3;s a BMW que conduzia se envolver em uma sequ&#xEA;ncia de colis&#xF5;es que terminou com a morte de Paulo Messias.<\/p>\n<p>Um radar da Secretaria de Mobilidade Urbana (Semob) registrou o ve&#xED;culo a 177 km\/h na Avenida Isaac P&#xF3;voas, onde o limite &#xE9; de 50 km\/h, minutos antes do acidente fatal.<\/p>\n<figure class=\"kg-card kg-image-card\"><img decoding=\"async\" src=\"https:\/\/odocumento.com.br\/content\/images\/2026\/09\/f8a85d03-16be-44b3-ba67-d9c20d691339.jpg\" class=\"kg-image\" alt=\"Motorista da BMW que matou motociclista j&#xE1; foi preso por agredir e amea&#xE7;ar esposa\" loading=\"lazy\" width=\"305\" height=\"379\"><\/figure>\n<p><strong>Fonte:<\/strong> Policial &#8211; O DOCUMENTO | Confira as principais not\u00edcias de Cuiab\u00e1, Mato Grosso e regi\u00e3o (https:\/\/odocumento.com.br\/motorista-da-bmw-que-matou-motociclista-ja-foi-preso-por-agredir-esposa\/)<\/p>\n","protected":false},"excerpt":{"rendered":"<p>Conte&#xFA;do\/ODOC &#8211; Herc&#xED;lio Junior Freitas Cordeiro, de 22 anos, identificado como condutor da BMW envolvida<\/p>\n","protected":false},"author":2,"featured_media":96325,"comment_status":"open","ping_status":"open","sticky":false,"template":"","format":"standard","meta":{"footnotes":""},"categories":[8],"tags":[],"aioseo_notices":[],"_links":{"self":[{"href":"https:\/\/portalnewsgta.com.br\/index.php\/wp-json\/wp\/v2\/posts\/96324"}],"collection":[{"href":"https:\/\/portalnewsgta.com.br\/index.php\/wp-json\/wp\/v2\/posts"}],"about":[{"href":"https:\/\/portalnewsgta.com.br\/index.php\/wp-json\/wp\/v2\/types\/post"}],"author":[{"embeddable":true,"href":"https:\/\/portalnewsgta.com.br\/index.php\/wp-json\/wp\/v2\/users\/2"}],"replies":[{"embeddable":true,"href":"https:\/\/portalnewsgta.com.br\/index.php\/wp-json\/wp\/v2\/comments?post=96324"}],"version-history":[{"count":0,"href":"https:\/\/portalnewsgta.com.br\/index.php\/wp-json\/wp\/v2\/posts\/96324\/revisions"}],"wp:featuredmedia":[{"embeddable":true,"href":"https:\/\/portalnewsgta.com.br\/index.php\/wp-json\/wp\/v2\/media\/96325"}],"wp:attachment":[{"href":"https:\/\/portalnewsgta.com.br\/index.php\/wp-json\/wp\/v2\/media?parent=96324"}],"wp:term":[{"taxonomy":"category","embeddable":true,"href":"https:\/\/portalnewsgta.com.br\/index.php\/wp-json\/wp\/v2\/categories?post=96324"},{"taxonomy":"post_tag","embeddable":true,"href":"https:\/\/portalnewsgta.com.br\/index.php\/wp-json\/wp\/v2\/tags?post=96324"}],"curies":[{"name":"wp","href":"https:\/\/api.w.org\/{rel}","templated":true}]}}