{"id":96282,"date":"2026-09-04T12:56:22","date_gmt":"2026-09-04T15:56:22","guid":{"rendered":"https:\/\/portalnewsgta.com.br\/index.php\/2026\/09\/04\/aml-celebra-105-anos-com-tres-dias-de-programacao-convidados-nacionais-e-novos-projetos\/"},"modified":"2026-09-04T12:56:22","modified_gmt":"2026-09-04T15:56:22","slug":"aml-celebra-105-anos-com-tres-dias-de-programacao-convidados-nacionais-e-novos-projetos","status":"publish","type":"post","link":"https:\/\/portalnewsgta.com.br\/index.php\/2026\/09\/04\/aml-celebra-105-anos-com-tres-dias-de-programacao-convidados-nacionais-e-novos-projetos\/","title":{"rendered":"AML celebra 105 anos com tr\u00eas dias de programa\u00e7\u00e3o, convidados nacionais e novos projetos"},"content":{"rendered":"<p><img decoding=\"async\" src=\"https:\/\/odocumento.com.br\/content\/images\/2026\/09\/b089abe6-6d93-4eaf-8d47-e7709cc80ce2.jpg\" alt=\"AML celebra 105 anos com tr&#xEA;s dias de programa&#xE7;&#xE3;o, convidados nacionais e novos projetos\"><\/p>\n<p><strong><em>Assessoria <\/em><\/strong>&#8211; Tr&#xEA;s dias de programa&#xE7;&#xE3;o gratuita, convidados de institui&#xE7;&#xF5;es liter&#xE1;rias de outros estados, encontros de saberes, literatura, cultura urbana, tecnologia, Intelig&#xEA;ncia Artificial e uma s&#xE9;rie de lan&#xE7;amentos v&#xE3;o marcar os 105 anos da Academia Mato-grossense de Letras (AML).<\/p>\n<p>As atividades ser&#xE3;o realizadas nos dias 8, 10 e 12 de setembro, na Casa Bar&#xE3;o, sede da institui&#xE7;&#xE3;o, no Centro Hist&#xF3;rico de Cuiab&#xE1;. Entre as novidades est&#xE3;o a inaugura&#xE7;&#xE3;o do Ponto das Letras, o lan&#xE7;amento de uma cartilha sobre o Intensivismo, do livro &#x201C;Identidade Cuiabana &#x2013; Vozes po&#xE9;ticas do Centro Hist&#xF3;rico&#x201D;, al&#xE9;m de revista, game, totem e document&#xE1;rio.<\/p>\n<p>Fundada em 7 de setembro de 1921, a AML chega aos 105 anos ampliando a programa&#xE7;&#xE3;o tradicional de anivers&#xE1;rio. A proposta &#xE9; reunir diferentes gera&#xE7;&#xF5;es e p&#xFA;blicos e aproximar ainda mais a institui&#xE7;&#xE3;o da popula&#xE7;&#xE3;o, fazendo da Casa Bar&#xE3;o um espa&#xE7;o de encontro, circula&#xE7;&#xE3;o de conhecimentos, experimenta&#xE7;&#xE3;o e pertencimento.<\/p>\n<p>Entre os convidados est&#xE3;o o fil&#xF3;logo e linguista Ricardo Cavaliere, membro da Academia Brasileira de Letras (ABL), e o professor e escritor Alberto Rostand Lanverly, presidente da Academia Alagoana de Letras (AAL). Os dois participam de encontros com acad&#xEA;micos e comunidade, promovendo interc&#xE2;mbio entre a produ&#xE7;&#xE3;o intelectual e liter&#xE1;ria de Mato Grosso e de outras regi&#xF5;es do pa&#xED;s.<\/p>\n<figure class=\"kg-card kg-image-card\"><img decoding=\"async\" src=\"https:\/\/odocumento.com.br\/content\/images\/2026\/09\/df0a2f6d-57b4-4de4-9cdd-96c184002cc9.jpg\" class=\"kg-image\" alt=\"AML celebra 105 anos com tr&#xEA;s dias de programa&#xE7;&#xE3;o, convidados nacionais e novos projetos\" loading=\"lazy\" width=\"1108\" height=\"1600\"><\/figure>\n<p>O evento &#xE9; realizado atrav&#xE9;s de parceria com o Governo de Mato Grosso, por meio da Secretaria de Estado de Cultura, Esporte e Lazer (Secel).<\/p>\n<p>A programa&#xE7;&#xE3;o come&#xE7;a na ter&#xE7;a-feira (8), com a inaugura&#xE7;&#xE3;o do Ponto das Letras, Ponto de Cultura da AML, e o primeiro Encontro de Saberes, destinado a professores da rede municipal de educa&#xE7;&#xE3;o. A acad&#xEA;mica Cristina Campos abordar&#xE1; o Intensivismo, movimento liter&#xE1;rio e cultural de vanguarda nascido em Cuiab&#xE1; e desenvolvido em meados do s&#xE9;culo XX. Na ocasi&#xE3;o, tamb&#xE9;m ser&#xE1; lan&#xE7;ada uma cartilha tem&#xE1;tica.<\/p>\n<p>Na quinta-feira (10), a Casa Bar&#xE3;o ter&#xE1; atividades desde o per&#xED;odo da tarde, envolvendo crian&#xE7;as e adolescentes da rede municipal, Ciranda Liter&#xE1;ria, Encontrinho de Saberes, Oficina de Cultura Urbana, proje&#xE7;&#xF5;es, Intelig&#xEA;ncia Artificial, artefatos relacionados aos Povos Origin&#xE1;rios e outras manifesta&#xE7;&#xF5;es culturais.<\/p>\n<p>&#xC0; noite ser&#xE1; realizada a edi&#xE7;&#xE3;o comemorativa do Casa Aberta, com visita guiada, sess&#xE3;o festiva, celebra&#xE7;&#xE3;o dos Amigos da AML e Encontro de Saberes com Ricardo Cavaliere, acad&#xEA;micos e comunidade. A noite tamb&#xE9;m reserva o lan&#xE7;amento de novos produtos da Academia: revista, game, totem e document&#xE1;rio.<\/p>\n<p>J&#xE1; no s&#xE1;bado (12), a programa&#xE7;&#xE3;o inclui Assembleia da AML e Encontro de Saberes com Alberto Rostand Lanverly e integrantes da Academia Mato-grossense de Letras.<\/p>\n<figure class=\"kg-card kg-image-card\"><img decoding=\"async\" src=\"https:\/\/odocumento.com.br\/content\/images\/2026\/09\/67b86a78-3fab-4329-8250-7910139d7b5e.jpg\" class=\"kg-image\" alt=\"AML celebra 105 anos com tr&#xEA;s dias de programa&#xE7;&#xE3;o, convidados nacionais e novos projetos\" loading=\"lazy\" width=\"1052\" height=\"1600\"><\/figure>\n<p><strong>PROGRAMA&#xC7;&#xC3;O<\/strong><\/p>\n<p><em>8 de setembro &#x2013; ter&#xE7;a-feira<\/em><\/p>\n<p><em>14h30&#x2013; Inaugura&#xE7;&#xE3;o do Ponto das Letras, Ponto de Cultura da AML, e Encontro de Saberes, com participa&#xE7;&#xE3;o de professores da rede municipal de educa&#xE7;&#xE3;o e da acad&#xEA;mica Cristina Campos, abordando o Intensivismo, com lan&#xE7;amento de cartilha tem&#xE1;tica.<\/em><\/p>\n<p><em>10 de setembro &#x2013; quinta-feira<\/em><\/p>\n<p><em>14h30&#x2013; Ciranda Liter&#xE1;ria, com livros para visita&#xE7;&#xE3;o e venda; visita de crian&#xE7;as e adolescentes da rede municipal de educa&#xE7;&#xE3;o; Encontrinho de Saberes, coordenado por Jorge Barbosa; Oficina de Cultura Urbana; lanche; proje&#xE7;&#xF5;es; Intelig&#xEA;ncia Artificial; instala&#xE7;&#xF5;es de artefatos de Povos Origin&#xE1;rios e Cultura Urbana.<\/em><\/p>\n<p><em>18h30 &#x2013; Recep&#xE7;&#xE3;o do Casa Aberta e visita guiada.<\/em><\/p>\n<p><em>19h&#x2013; Casa Aberta &#x2013; Sess&#xE3;o Festiva, com sauda&#xE7;&#xE3;o do acad&#xEA;mico Aclyse Mattos e Encontro de Saberes entre Ricardo Cavaliere, acad&#xEA;micos da AML e comunidade.<br \/>20hCelebra&#xE7;&#xE3;o dos Amigos da AML.<\/em><\/p>\n<p><em>20h30 &#x2013; Lan&#xE7;amento de revista, game, totem e document&#xE1;rio.<\/em><\/p>\n<p><em>12 de setembro &#x2013; s&#xE1;bado<\/em><\/p>\n<p><em>Assembleia da AML e Encontro de Saberes entre o professor e escritor Alberto Rostand Lanverly, presidente da Academia Alagoana de Letras, e membros da Academia Mato-grossense de Letras.<\/em><\/p>\n<p><em>SERVI&#xC7;O<\/em><\/p>\n<p><em>O qu&#xEA;: Comemora&#xE7;&#xF5;es dos 105 anos da Academia Mato-grossense de Letras<br \/>Quando: 8, 10 e 12 de setembro de 2026<\/em><\/p>\n<p><em>Onde: Casa Bar&#xE3;o, sede da Academia Mato-grossense de Letras<\/em><\/p>\n<p><em>Endere&#xE7;o: Rua Bar&#xE3;o de Melga&#xE7;o, 3869, Centro, Cuiab&#xE1; (MT)<\/em><\/p>\n<p><em>Transmiss&#xE3;o on-line: canal da Academia Mato-grossense de Letras no YouTube<br \/>Instagram: @academiamtdeletras<\/em><\/p>\n<p><strong>Fonte:<\/strong> Cidades &#8211; O DOCUMENTO | Confira as principais not\u00edcias de Cuiab\u00e1, Mato Grosso e regi\u00e3o (https:\/\/odocumento.com.br\/aml-celebra-105-anos-com-tres-dias-de-programacao-convidados-nacionais-e-novos-projetos\/)<\/p>\n","protected":false},"excerpt":{"rendered":"<p>Assessoria &#8211; Tr&#xEA;s dias de programa&#xE7;&#xE3;o gratuita, convidados de institui&#xE7;&#xF5;es liter&#xE1;rias de outros estados, encontros<\/p>\n","protected":false},"author":2,"featured_media":96283,"comment_status":"open","ping_status":"open","sticky":false,"template":"","format":"standard","meta":{"footnotes":""},"categories":[7],"tags":[],"aioseo_notices":[],"_links":{"self":[{"href":"https:\/\/portalnewsgta.com.br\/index.php\/wp-json\/wp\/v2\/posts\/96282"}],"collection":[{"href":"https:\/\/portalnewsgta.com.br\/index.php\/wp-json\/wp\/v2\/posts"}],"about":[{"href":"https:\/\/portalnewsgta.com.br\/index.php\/wp-json\/wp\/v2\/types\/post"}],"author":[{"embeddable":true,"href":"https:\/\/portalnewsgta.com.br\/index.php\/wp-json\/wp\/v2\/users\/2"}],"replies":[{"embeddable":true,"href":"https:\/\/portalnewsgta.com.br\/index.php\/wp-json\/wp\/v2\/comments?post=96282"}],"version-history":[{"count":0,"href":"https:\/\/portalnewsgta.com.br\/index.php\/wp-json\/wp\/v2\/posts\/96282\/revisions"}],"wp:featuredmedia":[{"embeddable":true,"href":"https:\/\/portalnewsgta.com.br\/index.php\/wp-json\/wp\/v2\/media\/96283"}],"wp:attachment":[{"href":"https:\/\/portalnewsgta.com.br\/index.php\/wp-json\/wp\/v2\/media?parent=96282"}],"wp:term":[{"taxonomy":"category","embeddable":true,"href":"https:\/\/portalnewsgta.com.br\/index.php\/wp-json\/wp\/v2\/categories?post=96282"},{"taxonomy":"post_tag","embeddable":true,"href":"https:\/\/portalnewsgta.com.br\/index.php\/wp-json\/wp\/v2\/tags?post=96282"}],"curies":[{"name":"wp","href":"https:\/\/api.w.org\/{rel}","templated":true}]}}