{"id":96276,"date":"2026-09-04T12:56:18","date_gmt":"2026-09-04T15:56:18","guid":{"rendered":"https:\/\/portalnewsgta.com.br\/index.php\/2026\/09\/04\/janaina-riva-leva-briga-com-medeiros-ao-stf-e-exige-metade-do-horario-eleitoral-no-radio-e-tv\/"},"modified":"2026-09-04T12:56:18","modified_gmt":"2026-09-04T15:56:18","slug":"janaina-riva-leva-briga-com-medeiros-ao-stf-e-exige-metade-do-horario-eleitoral-no-radio-e-tv","status":"publish","type":"post","link":"https:\/\/portalnewsgta.com.br\/index.php\/2026\/09\/04\/janaina-riva-leva-briga-com-medeiros-ao-stf-e-exige-metade-do-horario-eleitoral-no-radio-e-tv\/","title":{"rendered":"Jana\u00edna Riva leva briga com Medeiros ao STF e exige metade do hor\u00e1rio eleitoral no r\u00e1dio e TV"},"content":{"rendered":"<p><img decoding=\"async\" src=\"https:\/\/odocumento.com.br\/content\/images\/2026\/09\/images-5.jpg\" alt=\"Jana&#xED;na Riva leva briga com Medeiros ao STF e exige metade do hor&#xE1;rio eleitoral no r&#xE1;dio e TV\"><\/p>\n<p><strong><em>Conte&#xFA;do\/ODOC &#8211;<\/em><\/strong> A candidata ao Senado Jana&#xED;na Riva (MDB) e a dire&#xE7;&#xE3;o nacional do partido recorreram ao Supremo Tribunal Federal (STF) para tentar garantir uma divis&#xE3;o igualit&#xE1;ria do hor&#xE1;rio eleitoral gratuito entre ela e Jos&#xE9; Medeiros (PL). Atualmente, o candidato do PL concentra cerca de 60% do espa&#xE7;o da coliga&#xE7;&#xE3;o Cora&#xE7;&#xE3;o da Gente no r&#xE1;dio e na televis&#xE3;o, enquanto a emedebista ficou com aproximadamente 40%.<\/p>\n<p>Na a&#xE7;&#xE3;o, Jana&#xED;na e o MDB pedem que cada candidato ao Senado tenha direito a 50% do tempo dispon&#xED;vel, tanto nos programas eleitorais em bloco quanto nas inser&#xE7;&#xF5;es exibidas ao longo da programa&#xE7;&#xE3;o.<\/p>\n<p>O impasse surgiu durante a elabora&#xE7;&#xE3;o do plano de m&#xED;dia da coliga&#xE7;&#xE3;o, que lan&#xE7;ou Jana&#xED;na e Medeiros para as duas vagas ao Senado por Mato Grosso. Respons&#xE1;vel pela organiza&#xE7;&#xE3;o da propaganda, o PL teria decidido direcionar integralmente ao pr&#xF3;prio candidato o tempo gerado pela representa&#xE7;&#xE3;o parlamentar da legenda.<\/p>\n<p>Com isso, Jana&#xED;na ficaria dependente apenas do espa&#xE7;o disponibilizado pelos demais partidos que integram a alian&#xE7;a. Ap&#xF3;s negocia&#xE7;&#xF5;es realizadas perto do in&#xED;cio da propaganda eleitoral, a coliga&#xE7;&#xE3;o chegou &#xE0; divis&#xE3;o provis&#xF3;ria de 60% para Medeiros e 40% para a candidata do MDB.<\/p>\n<p>Jana&#xED;na tentou alterar o acordo no Tribunal Regional Eleitoral de Mato Grosso (TRE-MT), mas n&#xE3;o conseguiu uma decis&#xE3;o urgente favor&#xE1;vel. Ao negar o pedido inicial, a Justi&#xE7;a Eleitoral considerou que a pol&#xED;tica de incentivo &#xE0; participa&#xE7;&#xE3;o feminina garantiria o m&#xED;nimo de 30% do espa&#xE7;o, percentual j&#xE1; superado pela candidata.<\/p>\n<p>A defesa, contudo, sustenta que esse entendimento n&#xE3;o pode ser aplicado ao caso. O argumento &#xE9; que a coliga&#xE7;&#xE3;o possui duas candidaturas ao mesmo cargo, uma masculina e outra feminina, o que exigiria uma distribui&#xE7;&#xE3;o proporcional e, portanto, metade do hor&#xE1;rio para cada concorrente.<\/p>\n<p>Na reclama&#xE7;&#xE3;o apresentada ao Supremo, os advogados afirmam que as decis&#xF5;es tomadas em Mato Grosso contrariam o entendimento firmado pela pr&#xF3;pria Corte sobre a distribui&#xE7;&#xE3;o de recursos eleitorais e do tempo de propaganda entre homens e mulheres.<\/p>\n<p>O pedido &#xE9; para que o ministro relator suspenda imediatamente o modelo adotado pela coliga&#xE7;&#xE3;o e determine a reserva de 50% do hor&#xE1;rio para Jana&#xED;na. A outra metade permaneceria com Medeiros.<\/p>\n<p>Se o STF atender &#xE0; solicita&#xE7;&#xE3;o, o TRE-MT dever&#xE1; comunicar os respons&#xE1;veis pelo plano de m&#xED;dia para que a programa&#xE7;&#xE3;o eleitoral da coliga&#xE7;&#xE3;o seja reorganizada no r&#xE1;dio e na televis&#xE3;o.<\/p>\n<p><strong>Fonte:<\/strong> Pol\u00edtica &#8211; O DOCUMENTO | Confira as principais not\u00edcias de Cuiab\u00e1, Mato Grosso e regi\u00e3o (https:\/\/odocumento.com.br\/janaina-riva-leva-briga-com-medeiros-ao-stf-e-exige-metade-do-horario-eleitoral-no-radio-e-tv\/)<\/p>\n","protected":false},"excerpt":{"rendered":"<p>Conte&#xFA;do\/ODOC &#8211; A candidata ao Senado Jana&#xED;na Riva (MDB) e a dire&#xE7;&#xE3;o nacional do partido<\/p>\n","protected":false},"author":2,"featured_media":96277,"comment_status":"open","ping_status":"open","sticky":false,"template":"","format":"standard","meta":{"footnotes":""},"categories":[2],"tags":[],"aioseo_notices":[],"_links":{"self":[{"href":"https:\/\/portalnewsgta.com.br\/index.php\/wp-json\/wp\/v2\/posts\/96276"}],"collection":[{"href":"https:\/\/portalnewsgta.com.br\/index.php\/wp-json\/wp\/v2\/posts"}],"about":[{"href":"https:\/\/portalnewsgta.com.br\/index.php\/wp-json\/wp\/v2\/types\/post"}],"author":[{"embeddable":true,"href":"https:\/\/portalnewsgta.com.br\/index.php\/wp-json\/wp\/v2\/users\/2"}],"replies":[{"embeddable":true,"href":"https:\/\/portalnewsgta.com.br\/index.php\/wp-json\/wp\/v2\/comments?post=96276"}],"version-history":[{"count":0,"href":"https:\/\/portalnewsgta.com.br\/index.php\/wp-json\/wp\/v2\/posts\/96276\/revisions"}],"wp:featuredmedia":[{"embeddable":true,"href":"https:\/\/portalnewsgta.com.br\/index.php\/wp-json\/wp\/v2\/media\/96277"}],"wp:attachment":[{"href":"https:\/\/portalnewsgta.com.br\/index.php\/wp-json\/wp\/v2\/media?parent=96276"}],"wp:term":[{"taxonomy":"category","embeddable":true,"href":"https:\/\/portalnewsgta.com.br\/index.php\/wp-json\/wp\/v2\/categories?post=96276"},{"taxonomy":"post_tag","embeddable":true,"href":"https:\/\/portalnewsgta.com.br\/index.php\/wp-json\/wp\/v2\/tags?post=96276"}],"curies":[{"name":"wp","href":"https:\/\/api.w.org\/{rel}","templated":true}]}}