{"id":96274,"date":"2026-09-04T12:56:17","date_gmt":"2026-09-04T15:56:17","guid":{"rendered":"https:\/\/portalnewsgta.com.br\/index.php\/2026\/09\/04\/pivetta-destaca-reducao-da-pobreza-e-transformacao-dos-servicos-publicos-em-mt\/"},"modified":"2026-09-04T12:56:17","modified_gmt":"2026-09-04T15:56:17","slug":"pivetta-destaca-reducao-da-pobreza-e-transformacao-dos-servicos-publicos-em-mt","status":"publish","type":"post","link":"https:\/\/portalnewsgta.com.br\/index.php\/2026\/09\/04\/pivetta-destaca-reducao-da-pobreza-e-transformacao-dos-servicos-publicos-em-mt\/","title":{"rendered":"Pivetta destaca redu\u00e7\u00e3o da pobreza e transforma\u00e7\u00e3o dos servi\u00e7os p\u00fablicos em MT"},"content":{"rendered":"<p><img decoding=\"async\" src=\"https:\/\/odocumento.com.br\/content\/images\/2026\/09\/46e55d59-b564-4033-8840-1f5b23c76f1e.jpg\" alt=\"Pivetta destaca redu&#xE7;&#xE3;o da pobreza e transforma&#xE7;&#xE3;o dos servi&#xE7;os p&#xFA;blicos em MT\"><\/p>\n<p>O governador e candidato &#xE0; reelei&#xE7;&#xE3;o, Otaviano Pivetta (Republicanos), afirmou, nesta quinta-feira (3), que Mato Grosso tem condi&#xE7;&#xF5;es de superar o desafio da pobreza e garantir melhores condi&#xE7;&#xF5;es de vida para todos os mato-grossenses. A declara&#xE7;&#xE3;o foi dada durante coletiva de imprensa no evento &#x201C;Di&#xE1;logo com o Setor Produtivo &#x2013; 2&#xAA; Edi&#xE7;&#xE3;o&#x201D;, da Alian&#xE7;a do Setor Produtivo.<\/p>\n<p>Pivetta ressaltou que, nos &#xFA;ltimos sete anos, mais de 300 mil pessoas deixaram a situa&#xE7;&#xE3;o de pobreza no Estado, conforme dados do Instituto Brasileiro de Geografia e Estat&#xED;stica (IBGE). Para o governador, o resultado demonstra que Mato Grosso tem condi&#xE7;&#xF5;es de avan&#xE7;ar ainda mais, desde que mantenha pol&#xED;ticas p&#xFA;blicas capazes de ampliar oportunidades e melhorar os servi&#xE7;os oferecidos &#xE0; popula&#xE7;&#xE3;o.<\/p>\n<p>&#x201C;Eu tenho certeza que o Estado de Mato Grosso tem as condi&#xE7;&#xF5;es necess&#xE1;rias e, com pol&#xED;ticas p&#xFA;blicas adequadas, n&#xF3;s podemos tirar todos os mato-grossenses que est&#xE3;o na pobreza para que tenham uma vida digna, uma moradia digna, um bom trabalho, um bom emprego, tenham os seus filhos em uma boa escola&#x201D;, afirmou.<\/p>\n<p>Segundo o governador, a supera&#xE7;&#xE3;o da pobreza n&#xE3;o depende apenas do aumento da renda, mas tamb&#xE9;m da garantia de condi&#xE7;&#xF5;es que permitam &#xE0;s fam&#xED;lias viver com dignidade. Ele citou o acesso &#xE0; educa&#xE7;&#xE3;o, &#xE0; sa&#xFA;de, ao emprego e a uma boa estrutura nas cidades como fatores que precisam caminhar juntos.<\/p>\n<p>&#x201C;O importante &#xE9; isso tamb&#xE9;m, n&#xE3;o &#xE9; s&#xF3; o sal&#xE1;rio. &#xC9; onde o cidad&#xE3;o mora ter uma escola de valor, ter uma escola p&#xFA;blica de valor, que vale aquilo que custa para o Estado investir&#x201D;, explicou.<\/p>\n<p>Na sa&#xFA;de, Pivetta destacou o aumento da capacidade de atendimento do Estado, com atua&#xE7;&#xE3;o integrada entre munic&#xED;pios, cons&#xF3;rcios e hospitais. Segundo ele, a amplia&#xE7;&#xE3;o dos servi&#xE7;os j&#xE1; produziu resultados concretos para a popula&#xE7;&#xE3;o e contribuiu para reduzir a espera por procedimentos.<\/p>\n<p>&#x201C;Voc&#xEA;s podem perceber que as filas da sa&#xFA;de j&#xE1; passam a fazer parte do passado. N&#xF3;s aumentamos muito o n&#xFA;mero de atendimentos com o Fila Zero 3.0, com os cons&#xF3;rcios, com os munic&#xED;pios, com os nossos hospitais&#x201D;, afirmou.<\/p>\n<p>Para os pr&#xF3;ximos anos, o governador defendeu o avan&#xE7;o na integra&#xE7;&#xE3;o da rede p&#xFA;blica de sa&#xFA;de, com o compartilhamento das informa&#xE7;&#xF5;es dos pacientes entre os diferentes pontos de atendimento. A proposta &#xE9; que cada cidad&#xE3;o tenha um prontu&#xE1;rio que possa ser consultado pela rede.<\/p>\n<p>&#x201C;N&#xF3;s vamos ter, cada um, o seu prontu&#xE1;rio na unidade b&#xE1;sica de sa&#xFA;de e aqui na central n&#xF3;s vamos ter acesso ao prontu&#xE1;rio de todos os mato-grossenses&#x201D;, explicou.<\/p>\n<p>Ao projetar os pr&#xF3;ximos anos, o governador afirmou que a melhoria da qualidade de vida precisa acompanhar o desenvolvimento econ&#xF4;mico de Mato Grosso. Para ele, garantir servi&#xE7;os p&#xFA;blicos de qualidade &#xE9; parte fundamental desse processo.<\/p>\n<p>&#x201C;Mesmo n&#xE3;o tendo um sal&#xE1;rio dos sonhos, tendo uma boa escola, tendo uma sa&#xFA;de que funcione, tendo uma cidade boa para morar, com bons espa&#xE7;os p&#xFA;blicos, para ter uma vida aqui, n&#xE3;o precisa ter ningu&#xE9;m na pobreza de Mato Grosso. N&#xF3;s vamos cuidar disso&#x201D;, concluiu.<\/p>\n<p><strong>Fonte:<\/strong> Pol\u00edtica &#8211; O DOCUMENTO | Confira as principais not\u00edcias de Cuiab\u00e1, Mato Grosso e regi\u00e3o (https:\/\/odocumento.com.br\/pivetta-destaca-reducao-da-pobreza-e-transformacao-dos-servicos-publicos-em-mt\/)<\/p>\n","protected":false},"excerpt":{"rendered":"<p>O governador e candidato &#xE0; reelei&#xE7;&#xE3;o, Otaviano Pivetta (Republicanos), afirmou, nesta quinta-feira (3), que Mato<\/p>\n","protected":false},"author":2,"featured_media":96275,"comment_status":"open","ping_status":"open","sticky":false,"template":"","format":"standard","meta":{"footnotes":""},"categories":[2],"tags":[],"aioseo_notices":[],"_links":{"self":[{"href":"https:\/\/portalnewsgta.com.br\/index.php\/wp-json\/wp\/v2\/posts\/96274"}],"collection":[{"href":"https:\/\/portalnewsgta.com.br\/index.php\/wp-json\/wp\/v2\/posts"}],"about":[{"href":"https:\/\/portalnewsgta.com.br\/index.php\/wp-json\/wp\/v2\/types\/post"}],"author":[{"embeddable":true,"href":"https:\/\/portalnewsgta.com.br\/index.php\/wp-json\/wp\/v2\/users\/2"}],"replies":[{"embeddable":true,"href":"https:\/\/portalnewsgta.com.br\/index.php\/wp-json\/wp\/v2\/comments?post=96274"}],"version-history":[{"count":0,"href":"https:\/\/portalnewsgta.com.br\/index.php\/wp-json\/wp\/v2\/posts\/96274\/revisions"}],"wp:featuredmedia":[{"embeddable":true,"href":"https:\/\/portalnewsgta.com.br\/index.php\/wp-json\/wp\/v2\/media\/96275"}],"wp:attachment":[{"href":"https:\/\/portalnewsgta.com.br\/index.php\/wp-json\/wp\/v2\/media?parent=96274"}],"wp:term":[{"taxonomy":"category","embeddable":true,"href":"https:\/\/portalnewsgta.com.br\/index.php\/wp-json\/wp\/v2\/categories?post=96274"},{"taxonomy":"post_tag","embeddable":true,"href":"https:\/\/portalnewsgta.com.br\/index.php\/wp-json\/wp\/v2\/tags?post=96274"}],"curies":[{"name":"wp","href":"https:\/\/api.w.org\/{rel}","templated":true}]}}