{"id":96264,"date":"2026-09-04T12:56:13","date_gmt":"2026-09-04T15:56:13","guid":{"rendered":"https:\/\/portalnewsgta.com.br\/index.php\/2026\/09\/04\/investigado-pela-morte-de-desafeto-por-espancamento-e-preso-pela-policia-civil\/"},"modified":"2026-09-04T12:56:13","modified_gmt":"2026-09-04T15:56:13","slug":"investigado-pela-morte-de-desafeto-por-espancamento-e-preso-pela-policia-civil","status":"publish","type":"post","link":"https:\/\/portalnewsgta.com.br\/index.php\/2026\/09\/04\/investigado-pela-morte-de-desafeto-por-espancamento-e-preso-pela-policia-civil\/","title":{"rendered":"Investigado pela morte de desafeto por espancamento \u00e9 preso pela Pol\u00edcia Civil"},"content":{"rendered":"<p><img decoding=\"async\" src=\"https:\/\/odocumento.com.br\/content\/images\/2026\/09\/fd34335a646cf2a4156d395d9ccd10af.jpg\" alt=\"Investigado pela morte de desafeto por espancamento &#xE9; preso pela Pol&#xED;cia Civil\"><\/p>\n<p>A Pol&#xED;cia Civil prendeu, na manh&#xE3; desta sexta-feira (5), em Alto Gar&#xE7;as, um homem de 26 anos investigado pela morte de um homem de 48 anos, ocorrida no in&#xED;cio de agosto deste ano. A pris&#xE3;o preventiva foi decretada pelo Poder Judici&#xE1;rio ap&#xF3;s representa&#xE7;&#xE3;o da autoridade policial.<\/p>\n<p>A investiga&#xE7;&#xE3;o foi conduzida pela Delegacia de Alto Gar&#xE7;as depois que o Hospital Municipal comunicou o falecimento da v&#xED;tima, que havia sido encaminhada &#xE0; unidade de sa&#xFA;de com uma les&#xE3;o na cabe&#xE7;a. Inicialmente, o caso foi registrado como morte a esclarecer.<\/p>\n<p>Durante as dilig&#xEA;ncias, a equipe policial ouviu familiares, vizinhos, profissionais de sa&#xFA;de e outras pessoas que mantinham contato com a v&#xED;tima e com o investigado. Tamb&#xE9;m foram requisitados documentos m&#xE9;dicos e exames periciais para esclarecer as circunst&#xE2;ncias da morte.<\/p>\n<p>Conforme apurado, um dos depoimentos indicou que o investigado teria relatado ter agredido a v&#xED;tima com socos na regi&#xE3;o da cabe&#xE7;a e chutes, ap&#xF3;s um desentendimento.<\/p>\n<p>O laudo necrosc&#xF3;pico apontou que a v&#xED;tima sofreu grave les&#xE3;o na cabe&#xE7;a, com fratura e hematoma, e concluiu que a causa da morte foi traumatismo cranioencef&#xE1;lico compat&#xED;vel com agress&#xE3;o f&#xED;sica.<\/p>\n<p>Diante dos elementos reunidos durante a investiga&#xE7;&#xE3;o, a Pol&#xED;cia Civil representou pela pris&#xE3;o preventiva do investigado. A ordem judicial foi expedida pela Vara &#xDA;nica da Comarca de Alto Gar&#xE7;as e cumprida nesta sexta-feira.<\/p>\n<p>O homem foi localizado e preso, permanecendo &#xE0; disposi&#xE7;&#xE3;o da Justi&#xE7;a. As investiga&#xE7;&#xF5;es prosseguem para conclus&#xE3;o das dilig&#xEA;ncias e esclarecimento da din&#xE2;mica e das circunst&#xE2;ncias da morte.<\/p>\n<p><strong>Fonte:<\/strong> Policial &#8211; O DOCUMENTO | Confira as principais not\u00edcias de Cuiab\u00e1, Mato Grosso e regi\u00e3o (https:\/\/odocumento.com.br\/investigado-pela-morte-de-desafeto-por-espancamento-e-preso-pela-policia-civil\/)<\/p>\n","protected":false},"excerpt":{"rendered":"<p>A Pol&#xED;cia Civil prendeu, na manh&#xE3; desta sexta-feira (5), em Alto Gar&#xE7;as, um homem de<\/p>\n","protected":false},"author":2,"featured_media":96265,"comment_status":"open","ping_status":"open","sticky":false,"template":"","format":"standard","meta":{"footnotes":""},"categories":[8],"tags":[],"aioseo_notices":[],"_links":{"self":[{"href":"https:\/\/portalnewsgta.com.br\/index.php\/wp-json\/wp\/v2\/posts\/96264"}],"collection":[{"href":"https:\/\/portalnewsgta.com.br\/index.php\/wp-json\/wp\/v2\/posts"}],"about":[{"href":"https:\/\/portalnewsgta.com.br\/index.php\/wp-json\/wp\/v2\/types\/post"}],"author":[{"embeddable":true,"href":"https:\/\/portalnewsgta.com.br\/index.php\/wp-json\/wp\/v2\/users\/2"}],"replies":[{"embeddable":true,"href":"https:\/\/portalnewsgta.com.br\/index.php\/wp-json\/wp\/v2\/comments?post=96264"}],"version-history":[{"count":0,"href":"https:\/\/portalnewsgta.com.br\/index.php\/wp-json\/wp\/v2\/posts\/96264\/revisions"}],"wp:featuredmedia":[{"embeddable":true,"href":"https:\/\/portalnewsgta.com.br\/index.php\/wp-json\/wp\/v2\/media\/96265"}],"wp:attachment":[{"href":"https:\/\/portalnewsgta.com.br\/index.php\/wp-json\/wp\/v2\/media?parent=96264"}],"wp:term":[{"taxonomy":"category","embeddable":true,"href":"https:\/\/portalnewsgta.com.br\/index.php\/wp-json\/wp\/v2\/categories?post=96264"},{"taxonomy":"post_tag","embeddable":true,"href":"https:\/\/portalnewsgta.com.br\/index.php\/wp-json\/wp\/v2\/tags?post=96264"}],"curies":[{"name":"wp","href":"https:\/\/api.w.org\/{rel}","templated":true}]}}