{"id":96228,"date":"2026-09-04T01:55:41","date_gmt":"2026-09-04T04:55:41","guid":{"rendered":"https:\/\/portalnewsgta.com.br\/index.php\/2026\/09\/04\/tiao-da-zaeli-critica-ameaca-de-expulsao-de-prefeitos-no-pl-e-ve-medida-como-extrema\/"},"modified":"2026-09-04T01:55:41","modified_gmt":"2026-09-04T04:55:41","slug":"tiao-da-zaeli-critica-ameaca-de-expulsao-de-prefeitos-no-pl-e-ve-medida-como-extrema","status":"publish","type":"post","link":"https:\/\/portalnewsgta.com.br\/index.php\/2026\/09\/04\/tiao-da-zaeli-critica-ameaca-de-expulsao-de-prefeitos-no-pl-e-ve-medida-como-extrema\/","title":{"rendered":"Ti\u00e3o da Zaeli critica amea\u00e7a de expuls\u00e3o de prefeitos no PL e v\u00ea medida como extrema"},"content":{"rendered":"<p><img decoding=\"async\" src=\"https:\/\/odocumento.com.br\/content\/images\/2026\/09\/images--3--3.jpg\" alt=\"Ti&#xE3;o da Zaeli critica amea&#xE7;a de expuls&#xE3;o de prefeitos no PL e v&#xEA; medida como extrema\"><\/p>\n<p><strong><em>Conte&#xFA;do\/ODOC<\/em><\/strong> &#8211; O presidente da Fecom&#xE9;rcio-MT e ex-vice-prefeito de V&#xE1;rzea Grande, Ti&#xE3;o da Zaeli (PL), criticou a possibilidade de expuls&#xE3;o de prefeitos do partido que decidiram apoiar a reelei&#xE7;&#xE3;o do governador Otaviano Pivetta (Republicanos), contrariando a candidatura do senador Wellington Fagundes (PL) ao Governo de Mato Grosso.<\/p>\n<p>Para Ti&#xE3;o, a expuls&#xE3;o seria uma medida extrema e a dire&#xE7;&#xE3;o partid&#xE1;ria deveria priorizar o di&#xE1;logo antes de adotar qualquer puni&#xE7;&#xE3;o contra os filiados. &#x201C;Eu n&#xE3;o compactuo com a expuls&#xE3;o, &#xE9; uma medida muito extrema. Eu acho que o di&#xE1;logo, o importante &#xE9; o di&#xE1;logo e buscar um caminho&#x201D;, afirmou.<\/p>\n<p>A declara&#xE7;&#xE3;o ocorre em meio ao aumento da tens&#xE3;o dentro do PL de Mato Grosso. Na quarta-feira (2), o presidente estadual da legenda, Ananias Filho, afirmou que o partido dever&#xE1; abrir procedimentos para apurar a conduta de prefeitos que apoiam Pivetta.<\/p>\n<p>Entre os nomes citados est&#xE3;o Fl&#xE1;via Moretti, de V&#xE1;rzea Grande, Cl&#xE1;udio Ferreira, de Rondon&#xF3;polis, e S&#xE9;rgio Machnic, de Primavera do Leste.<\/p>\n<p>A amea&#xE7;a de puni&#xE7;&#xE3;o evidencia o racha dentro da legenda. Apesar de Wellington Fagundes ter sido definido como candidato do PL ao Governo, prefeitos importantes do partido j&#xE1; sinalizaram apoio a Pivetta.<\/p>\n<p>Ti&#xE3;o defendeu que a dire&#xE7;&#xE3;o do PL leve em considera&#xE7;&#xE3;o o hist&#xF3;rico pol&#xED;tico e eleitoral de cada filiado antes de tomar qualquer decis&#xE3;o. &#x201C;Tem que observar tamb&#xE9;m a elei&#xE7;&#xE3;o passada, quais que foram os comportamentos dos candidatos. Cada um tem sua dor, cada um tem a sua ang&#xFA;stia&#x201D;, declarou.<\/p>\n<p>A posi&#xE7;&#xE3;o tamb&#xE9;m encontra respaldo no pr&#xF3;prio Wellington Fagundes. No fim de agosto, o senador afirmou ser contr&#xE1;rio &#xE0; expuls&#xE3;o dos chamados &#x201C;infi&#xE9;is&#x201D; e defendeu liberdade para que integrantes do PL fa&#xE7;am suas escolhas pol&#xED;ticas.<\/p>\n<p>Para Ti&#xE3;o, o caminho para evitar um conflito maior dentro do partido passa pela negocia&#xE7;&#xE3;o e pelo entendimento entre as diferentes correntes. &#x201C;&#xC9; conversando e buscando o di&#xE1;logo que n&#xF3;s vamos chegar em uma posi&#xE7;&#xE3;o mais tranquila para a sociedade&#x201D;, completou.<\/p>\n<p><strong>Fonte:<\/strong> Pol\u00edtica &#8211; O DOCUMENTO | Confira as principais not\u00edcias de Cuiab\u00e1, Mato Grosso e regi\u00e3o (https:\/\/odocumento.com.br\/tiao-da-zaeli-critica-ameaca-de-expulsao-no-pl-e-ve-medida-como-extrema\/)<\/p>\n","protected":false},"excerpt":{"rendered":"<p>Conte&#xFA;do\/ODOC &#8211; O presidente da Fecom&#xE9;rcio-MT e ex-vice-prefeito de V&#xE1;rzea Grande, Ti&#xE3;o da Zaeli (PL),<\/p>\n","protected":false},"author":2,"featured_media":96229,"comment_status":"open","ping_status":"open","sticky":false,"template":"","format":"standard","meta":{"footnotes":""},"categories":[2],"tags":[],"aioseo_notices":[],"_links":{"self":[{"href":"https:\/\/portalnewsgta.com.br\/index.php\/wp-json\/wp\/v2\/posts\/96228"}],"collection":[{"href":"https:\/\/portalnewsgta.com.br\/index.php\/wp-json\/wp\/v2\/posts"}],"about":[{"href":"https:\/\/portalnewsgta.com.br\/index.php\/wp-json\/wp\/v2\/types\/post"}],"author":[{"embeddable":true,"href":"https:\/\/portalnewsgta.com.br\/index.php\/wp-json\/wp\/v2\/users\/2"}],"replies":[{"embeddable":true,"href":"https:\/\/portalnewsgta.com.br\/index.php\/wp-json\/wp\/v2\/comments?post=96228"}],"version-history":[{"count":0,"href":"https:\/\/portalnewsgta.com.br\/index.php\/wp-json\/wp\/v2\/posts\/96228\/revisions"}],"wp:featuredmedia":[{"embeddable":true,"href":"https:\/\/portalnewsgta.com.br\/index.php\/wp-json\/wp\/v2\/media\/96229"}],"wp:attachment":[{"href":"https:\/\/portalnewsgta.com.br\/index.php\/wp-json\/wp\/v2\/media?parent=96228"}],"wp:term":[{"taxonomy":"category","embeddable":true,"href":"https:\/\/portalnewsgta.com.br\/index.php\/wp-json\/wp\/v2\/categories?post=96228"},{"taxonomy":"post_tag","embeddable":true,"href":"https:\/\/portalnewsgta.com.br\/index.php\/wp-json\/wp\/v2\/tags?post=96228"}],"curies":[{"name":"wp","href":"https:\/\/api.w.org\/{rel}","templated":true}]}}