{"id":96194,"date":"2026-09-03T18:55:55","date_gmt":"2026-09-03T21:55:55","guid":{"rendered":"https:\/\/portalnewsgta.com.br\/index.php\/2026\/09\/03\/trf-mantem-restricoes-de-uso-da-terra-indigena-piripkura-por-fazendeiros-em-mato-grosso\/"},"modified":"2026-09-03T18:55:55","modified_gmt":"2026-09-03T21:55:55","slug":"trf-mantem-restricoes-de-uso-da-terra-indigena-piripkura-por-fazendeiros-em-mato-grosso","status":"publish","type":"post","link":"https:\/\/portalnewsgta.com.br\/index.php\/2026\/09\/03\/trf-mantem-restricoes-de-uso-da-terra-indigena-piripkura-por-fazendeiros-em-mato-grosso\/","title":{"rendered":"TRF mant\u00e9m restri\u00e7\u00f5es de uso da terra ind\u00edgena Piripkura por fazendeiros em Mato Grosso"},"content":{"rendered":"<p><img decoding=\"async\" src=\"https:\/\/odocumento.com.br\/content\/images\/2026\/09\/large.png\" alt=\"TRF mant&#xE9;m restri&#xE7;&#xF5;es de uso da terra ind&#xED;gena Piripkura por fazendeiros em Mato Grosso\"><\/p>\n<p>Acompanhando o parecer do Minist&#xE9;rio P&#xFA;blico Federal (MPF), o Tribunal Regional Federal da 1&#xAA; Regi&#xE3;o (TRF1) manteve as restri&#xE7;&#xF5;es de uso e as medidas de prote&#xE7;&#xE3;o da Terra Ind&#xED;gena Piripkura, em Mato Grosso. Por unanimidade, a Quinta Turma do tribunal negou o recurso apresentado por particulares que contestavam as medidas determinadas pela Justi&#xE7;a Federal para impedir atividades agropecu&#xE1;rias e novos desmatamentos na &#xE1;rea.<\/p>\n<p>O TRF1 confirmou, ainda, a possibilidade de delimita&#xE7;&#xE3;o, pela Funda&#xE7;&#xE3;o Nacional dos Povos Ind&#xED;genas (Funai), de um cord&#xE3;o de isolamento para proteger ind&#xED;genas em isolamento volunt&#xE1;rio.<\/p>\n<p>A a&#xE7;&#xE3;o foi proposta pelo MPF para proteger a Terra Ind&#xED;gena Piripkura e garantir o cumprimento das restri&#xE7;&#xF5;es estabelecidas pela Funai e dos embargos impostos pelo Instituto Brasileiro do Meio Ambiente e dos Recursos Naturais Renov&#xE1;veis (Ibama). <\/p>\n<p>A Justi&#xE7;a Federal em Mato Grosso atendeu a pedidos do MPF e determinou a paralisa&#xE7;&#xE3;o de atividades agropecu&#xE1;rias incompat&#xED;veis com as normas de prote&#xE7;&#xE3;o da &#xE1;rea e a proibi&#xE7;&#xE3;o de novos desmatamentos. Tamb&#xE9;m foi determinada a delimita&#xE7;&#xE3;o de um cord&#xE3;o de isolamento, pela Funai, para evitar o contato entre os ind&#xED;genas isolados e os n&#xE3;o ind&#xED;genas que permanecem no local.<\/p>\n<p>No recurso apresentado ao TRF1, os particulares alegaram exercer posse de boa-f&#xE9; sobre im&#xF3;veis existentes na regi&#xE3;o h&#xE1; anos. Eles sustentaram que a aus&#xEA;ncia de conclus&#xE3;o do procedimento demarcat&#xF3;rio e do Relat&#xF3;rio Circunstanciado de Identifica&#xE7;&#xE3;o e Delimita&#xE7;&#xE3;o impediria a ado&#xE7;&#xE3;o das medidas de prote&#xE7;&#xE3;o. Tamb&#xE9;m argumentaram que decis&#xF5;es judiciais anteriores teriam reconhecido a posse sobre as &#xE1;reas e que as restri&#xE7;&#xF5;es impostas pela Funai n&#xE3;o poderiam prevalecer sobre esses direitos.<\/p>\n<p><strong>Direitos origin&#xE1;rios<\/strong>&#xA0;&#x2013; O MPF sustentou que esses argumentos n&#xE3;o afastam os direitos origin&#xE1;rios dos povos ind&#xED;genas nem o dever estatal de proteg&#xEA;-los. Em sua manifesta&#xE7;&#xE3;o, o &#xF3;rg&#xE3;o destacou que a Constitui&#xE7;&#xE3;o Federal reconhece esses direitos independentemente da conclus&#xE3;o do procedimento administrativo de demarca&#xE7;&#xE3;o e que os conceitos de posse e propriedade do direito civil n&#xE3;o se aplicam da mesma forma &#xE0;s terras tradicionalmente ocupadas pelos ind&#xED;genas. <\/p>\n<p>O MPF tamb&#xE9;m ressaltou que a documenta&#xE7;&#xE3;o produzida pela Funai demonstra a territorialidade espec&#xED;fica dos Piripkura e fundamenta a ado&#xE7;&#xE3;o das sucessivas portarias de restri&#xE7;&#xE3;o de uso.<\/p>\n<p>Na decis&#xE3;o, o TRF1 acolheu os argumentos do MPF e confirmou que os direitos ind&#xED;genas sobre as terras tradicionalmente ocupadas s&#xE3;o origin&#xE1;rios, declarat&#xF3;rios e imprescrit&#xED;veis, e a ocupa&#xE7;&#xE3;o dessas &#xE1;reas por particulares configura mera deten&#xE7;&#xE3;o de natureza prec&#xE1;ria. O tribunal tamb&#xE9;m reconheceu que a aus&#xEA;ncia de conclus&#xE3;o da demarca&#xE7;&#xE3;o n&#xE3;o afasta a legalidade das medidas administrativas de prote&#xE7;&#xE3;o adotadas pelo Estado. <\/p>\n<p>Seguindo esse entendimento, a Quinta Turma aplicou a S&#xFA;mula n&#xBA; 619 do Superior Tribunal de Justi&#xE7;a, segundo a qual a ocupa&#xE7;&#xE3;o de terras ind&#xED;genas por particulares configura mera deten&#xE7;&#xE3;o de natureza prec&#xE1;ria, sem direito de reten&#xE7;&#xE3;o ou indeniza&#xE7;&#xE3;o por benfeitorias.<\/p>\n<p>O ac&#xF3;rd&#xE3;o reconheceu, ainda, que a Funai possui poder de pol&#xED;cia para disciplinar o ingresso e o tr&#xE2;nsito de terceiros em &#xE1;reas onde h&#xE1; presen&#xE7;a de ind&#xED;genas isolados. Para o TRF1, a manuten&#xE7;&#xE3;o das restri&#xE7;&#xF5;es de uso e a delimita&#xE7;&#xE3;o do cord&#xE3;o de isolamento s&#xE3;o medidas necess&#xE1;rias para evitar conflitos e assegurar a integridade f&#xED;sica dos ind&#xED;genas isolados.<\/p>\n<p>O tribunal, contudo, manteve a suspens&#xE3;o tempor&#xE1;ria da remo&#xE7;&#xE3;o for&#xE7;ada das pessoas n&#xE3;o ind&#xED;genas que permanecem na &#xE1;rea, em observ&#xE2;ncia &#xE0;s diretrizes estabelecidas pelo Supremo Tribunal Federal na ADPF n&#xBA; 709. Conforme o entendimento, eventuais retiradas dever&#xE3;o ser analisadas no &#xE2;mbito de um plano emergencial a ser conduzido pela Uni&#xE3;o, de modo a evitar conflitos. Por enquanto, os r&#xE9;us foram intimados para paralisarem suas atividades econ&#xF4;micas e agropecu&#xE1;rias que estejam em conflito com as portarias de prote&#xE7;&#xE3;o.<\/p>\n<p><strong>Fonte:<\/strong> Cidades &#8211; O DOCUMENTO | Confira as principais not\u00edcias de Cuiab\u00e1, Mato Grosso e regi\u00e3o (https:\/\/odocumento.com.br\/trf-mantem-restricoes-de-uso-da-terra-indigena-piripkura-por-fazendeiros-em-mato-grosso\/)<\/p>\n","protected":false},"excerpt":{"rendered":"<p>Acompanhando o parecer do Minist&#xE9;rio P&#xFA;blico Federal (MPF), o Tribunal Regional Federal da 1&#xAA; Regi&#xE3;o<\/p>\n","protected":false},"author":2,"featured_media":96195,"comment_status":"open","ping_status":"open","sticky":false,"template":"","format":"standard","meta":{"footnotes":""},"categories":[7],"tags":[],"aioseo_notices":[],"_links":{"self":[{"href":"https:\/\/portalnewsgta.com.br\/index.php\/wp-json\/wp\/v2\/posts\/96194"}],"collection":[{"href":"https:\/\/portalnewsgta.com.br\/index.php\/wp-json\/wp\/v2\/posts"}],"about":[{"href":"https:\/\/portalnewsgta.com.br\/index.php\/wp-json\/wp\/v2\/types\/post"}],"author":[{"embeddable":true,"href":"https:\/\/portalnewsgta.com.br\/index.php\/wp-json\/wp\/v2\/users\/2"}],"replies":[{"embeddable":true,"href":"https:\/\/portalnewsgta.com.br\/index.php\/wp-json\/wp\/v2\/comments?post=96194"}],"version-history":[{"count":0,"href":"https:\/\/portalnewsgta.com.br\/index.php\/wp-json\/wp\/v2\/posts\/96194\/revisions"}],"wp:featuredmedia":[{"embeddable":true,"href":"https:\/\/portalnewsgta.com.br\/index.php\/wp-json\/wp\/v2\/media\/96195"}],"wp:attachment":[{"href":"https:\/\/portalnewsgta.com.br\/index.php\/wp-json\/wp\/v2\/media?parent=96194"}],"wp:term":[{"taxonomy":"category","embeddable":true,"href":"https:\/\/portalnewsgta.com.br\/index.php\/wp-json\/wp\/v2\/categories?post=96194"},{"taxonomy":"post_tag","embeddable":true,"href":"https:\/\/portalnewsgta.com.br\/index.php\/wp-json\/wp\/v2\/tags?post=96194"}],"curies":[{"name":"wp","href":"https:\/\/api.w.org\/{rel}","templated":true}]}}