{"id":96190,"date":"2026-09-03T18:55:54","date_gmt":"2026-09-03T21:55:54","guid":{"rendered":"https:\/\/portalnewsgta.com.br\/index.php\/2026\/09\/03\/comercio-de-cuiaba-e-varzea-grande-tem-autorizacao-para-funcionar-no-feriado\/"},"modified":"2026-09-03T18:55:54","modified_gmt":"2026-09-03T21:55:54","slug":"comercio-de-cuiaba-e-varzea-grande-tem-autorizacao-para-funcionar-no-feriado","status":"publish","type":"post","link":"https:\/\/portalnewsgta.com.br\/index.php\/2026\/09\/03\/comercio-de-cuiaba-e-varzea-grande-tem-autorizacao-para-funcionar-no-feriado\/","title":{"rendered":"Com\u00e9rcio de Cuiab\u00e1 e V\u00e1rzea Grande tem autoriza\u00e7\u00e3o para funcionar no feriado"},"content":{"rendered":"<p><img decoding=\"async\" src=\"https:\/\/odocumento.com.br\/content\/images\/2026\/09\/25f2f93e3ec2058b9cb1d19e8bd471bf.jpg\" alt=\"Com&#xE9;rcio de Cuiab&#xE1; e V&#xE1;rzea Grande tem autoriza&#xE7;&#xE3;o para funcionar no feriado\"><\/p>\n<p>A C&#xE2;mara de Dirigentes Lojistas de Cuiab&#xE1; (CDL Cuiab&#xE1;) informa que o com&#xE9;rcio da capital e em V&#xE1;rzea Grande poder&#xE1; funcionar no feriado de 7 de Setembro, conforme prev&#xEA; a Conven&#xE7;&#xE3;o Coletiva de Trabalho do setor varejista e de servi&#xE7;os v&#xE1;lida para as duas cidades e com vig&#xEA;ncia at&#xE9; dezembro deste ano.&#xA0;<\/p>\n<p>Para abrir as portas, lojistas de rua e de shopping centers precisam seguir duas regras simples acordadas na conven&#xE7;&#xE3;o coletiva: pagar em dobro as horas trabalhadas pelos funcion&#xE1;rios e afixar o aviso da conven&#xE7;&#xE3;o no quadro de avisos da empresa.&#xA0;<\/p>\n<p>&quot;A conven&#xE7;&#xE3;o &#xE9; a principal refer&#xEA;ncia que define aos empres&#xE1;rios e trabalhadores o funcionamento do com&#xE9;rcio. Nosso papel &#xE9; garantir que todos os associados estejam bem informados sobre o que prev&#xEA; a conven&#xE7;&#xE3;o coletiva&#x201D;, pontuou J&#xFA;nior Macagnam, presidente da CDL Cuiab&#xE1;.<\/p>\n<p>A conven&#xE7;&#xE3;o trabalhista vale para empresas e trabalhadores do com&#xE9;rcio varejista nas duas cidades da regi&#xE3;o metropolitana, conforme acordo estabelecido entre os sindicatos patronais e o laboral. O acordo inclui as &#xE1;reas de bens, servi&#xE7;os e com&#xE9;rcio de tecidos e confec&#xE7;&#xF5;es, cal&#xE7;ados, &#xF3;ticas, material de constru&#xE7;&#xE3;o e representantes comerciais.&#xA0;<\/p>\n<p>Outros feriados do calend&#xE1;rio brasileiro, como 12 de outubro e 15 de novembro seguem a mesma regra da Conven&#xE7;&#xE3;o Coletiva de Trabalho, em que o com&#xE9;rcio varejista pode abrir conforme o que est&#xE1; acordado no documento quanto ao aviso com anteced&#xEA;ncia e pagamento das horas extras aos funcion&#xE1;rios.&#xA0;<\/p>\n<p>As datas comemorativas do ano em que o com&#xE9;rcio da regi&#xE3;o metropolitana de Cuiab&#xE1; n&#xE3;o abre s&#xE3;o Finados, em 2 de novembro, e Natal, em 25 de dezembro.<\/p>\n<p><strong>Fonte:<\/strong> Cidades &#8211; O DOCUMENTO | Confira as principais not\u00edcias de Cuiab\u00e1, Mato Grosso e regi\u00e3o (https:\/\/odocumento.com.br\/comercio-de-cuiaba-e-varzea-grande-tem-autorizacao-para-funcionar-no-feriado\/)<\/p>\n","protected":false},"excerpt":{"rendered":"<p>A C&#xE2;mara de Dirigentes Lojistas de Cuiab&#xE1; (CDL Cuiab&#xE1;) informa que o com&#xE9;rcio da capital<\/p>\n","protected":false},"author":2,"featured_media":96191,"comment_status":"open","ping_status":"open","sticky":false,"template":"","format":"standard","meta":{"footnotes":""},"categories":[7],"tags":[],"aioseo_notices":[],"_links":{"self":[{"href":"https:\/\/portalnewsgta.com.br\/index.php\/wp-json\/wp\/v2\/posts\/96190"}],"collection":[{"href":"https:\/\/portalnewsgta.com.br\/index.php\/wp-json\/wp\/v2\/posts"}],"about":[{"href":"https:\/\/portalnewsgta.com.br\/index.php\/wp-json\/wp\/v2\/types\/post"}],"author":[{"embeddable":true,"href":"https:\/\/portalnewsgta.com.br\/index.php\/wp-json\/wp\/v2\/users\/2"}],"replies":[{"embeddable":true,"href":"https:\/\/portalnewsgta.com.br\/index.php\/wp-json\/wp\/v2\/comments?post=96190"}],"version-history":[{"count":0,"href":"https:\/\/portalnewsgta.com.br\/index.php\/wp-json\/wp\/v2\/posts\/96190\/revisions"}],"wp:featuredmedia":[{"embeddable":true,"href":"https:\/\/portalnewsgta.com.br\/index.php\/wp-json\/wp\/v2\/media\/96191"}],"wp:attachment":[{"href":"https:\/\/portalnewsgta.com.br\/index.php\/wp-json\/wp\/v2\/media?parent=96190"}],"wp:term":[{"taxonomy":"category","embeddable":true,"href":"https:\/\/portalnewsgta.com.br\/index.php\/wp-json\/wp\/v2\/categories?post=96190"},{"taxonomy":"post_tag","embeddable":true,"href":"https:\/\/portalnewsgta.com.br\/index.php\/wp-json\/wp\/v2\/tags?post=96190"}],"curies":[{"name":"wp","href":"https:\/\/api.w.org\/{rel}","templated":true}]}}