{"id":96141,"date":"2026-09-03T13:55:56","date_gmt":"2026-09-03T16:55:56","guid":{"rendered":"https:\/\/portalnewsgta.com.br\/index.php\/2026\/09\/03\/dois-faccionados-sao-presos-em-flagrante-e-vitima-que-levaria-salve-e-libertada\/"},"modified":"2026-09-03T13:55:56","modified_gmt":"2026-09-03T16:55:56","slug":"dois-faccionados-sao-presos-em-flagrante-e-vitima-que-levaria-salve-e-libertada","status":"publish","type":"post","link":"https:\/\/portalnewsgta.com.br\/index.php\/2026\/09\/03\/dois-faccionados-sao-presos-em-flagrante-e-vitima-que-levaria-salve-e-libertada\/","title":{"rendered":"Dois faccionados s\u00e3o presos em flagrante e v\u00edtima que levaria &#8216;salve&#8217; \u00e9 libertada"},"content":{"rendered":"<p><img decoding=\"async\" src=\"https:\/\/odocumento.com.br\/content\/images\/2026\/09\/39f6e4439fc46e6e555423173019108d.jpg\" alt=\"Dois faccionados s&#xE3;o presos em flagrante e v&#xED;tima que levaria &apos;salve&apos; &#xE9; libertada\"><\/p>\n<p>Policiais militares da For&#xE7;a T&#xE1;tica do 5&#xBA; Comando Regional prenderam, nesta quarta-feira (2), dois integrantes de fac&#xE7;&#xE3;o criminosa suspeitos por sequestro, tortura e c&#xE1;rcere privado contra um faccionado rival, em Barra do Gar&#xE7;as.<\/p>\n<p>As equipes policiais foram acionadas, ap&#xF3;s receberem informa&#xE7;&#xF5;es sobre uma a&#xE7;&#xE3;o criminosa, em uma resid&#xEA;ncia localizada no bairro Serrinha. No local, os militares localizaram um homem com as m&#xE3;os para tr&#xE1;s, cercada por tr&#xEA;s indiv&#xED;duos.<\/p>\n<p>Neste momento, dois suspeitos foram abordados e detidos. Com eles, as equipes apreenderam aparelhos celulares e uma por&#xE7;&#xE3;o de subst&#xE2;ncia an&#xE1;loga &#xE0; maconha.<\/p>\n<p>Aos policiais militares, a v&#xED;tima relatou que teria sido abordada e retirada &#xE0; for&#xE7;a de seu local de trabalho, sendo levada at&#xE9; o im&#xF3;vel abandonado. No local, foi amea&#xE7;ada de morte e agredida. J&#xE1; os dois suspeitos detidos foram encaminhados &#xE0; delegacia para registro do boletim de ocorr&#xEA;ncia.<\/p>\n<p><strong>Fonte:<\/strong> Policial &#8211; O DOCUMENTO | Confira as principais not\u00edcias de Cuiab\u00e1, Mato Grosso e regi\u00e3o (https:\/\/odocumento.com.br\/dois-faccionados-sao-presos-em-flagrante-e-vitima-que-levaria-salve-e-libertada-pela-pm\/)<\/p>\n","protected":false},"excerpt":{"rendered":"<p>Policiais militares da For&#xE7;a T&#xE1;tica do 5&#xBA; Comando Regional prenderam, nesta quarta-feira (2), dois integrantes<\/p>\n","protected":false},"author":2,"featured_media":96142,"comment_status":"open","ping_status":"open","sticky":false,"template":"","format":"standard","meta":{"footnotes":""},"categories":[8],"tags":[],"aioseo_notices":[],"_links":{"self":[{"href":"https:\/\/portalnewsgta.com.br\/index.php\/wp-json\/wp\/v2\/posts\/96141"}],"collection":[{"href":"https:\/\/portalnewsgta.com.br\/index.php\/wp-json\/wp\/v2\/posts"}],"about":[{"href":"https:\/\/portalnewsgta.com.br\/index.php\/wp-json\/wp\/v2\/types\/post"}],"author":[{"embeddable":true,"href":"https:\/\/portalnewsgta.com.br\/index.php\/wp-json\/wp\/v2\/users\/2"}],"replies":[{"embeddable":true,"href":"https:\/\/portalnewsgta.com.br\/index.php\/wp-json\/wp\/v2\/comments?post=96141"}],"version-history":[{"count":0,"href":"https:\/\/portalnewsgta.com.br\/index.php\/wp-json\/wp\/v2\/posts\/96141\/revisions"}],"wp:featuredmedia":[{"embeddable":true,"href":"https:\/\/portalnewsgta.com.br\/index.php\/wp-json\/wp\/v2\/media\/96142"}],"wp:attachment":[{"href":"https:\/\/portalnewsgta.com.br\/index.php\/wp-json\/wp\/v2\/media?parent=96141"}],"wp:term":[{"taxonomy":"category","embeddable":true,"href":"https:\/\/portalnewsgta.com.br\/index.php\/wp-json\/wp\/v2\/categories?post=96141"},{"taxonomy":"post_tag","embeddable":true,"href":"https:\/\/portalnewsgta.com.br\/index.php\/wp-json\/wp\/v2\/tags?post=96141"}],"curies":[{"name":"wp","href":"https:\/\/api.w.org\/{rel}","templated":true}]}}