{"id":96137,"date":"2026-09-03T12:55:40","date_gmt":"2026-09-03T15:55:40","guid":{"rendered":"https:\/\/portalnewsgta.com.br\/index.php\/2026\/09\/03\/social-media-do-comando-vermelho-de-ms-e-preso-escondido-em-mato-grosso\/"},"modified":"2026-09-03T12:55:40","modified_gmt":"2026-09-03T15:55:40","slug":"social-media-do-comando-vermelho-de-ms-e-preso-escondido-em-mato-grosso","status":"publish","type":"post","link":"https:\/\/portalnewsgta.com.br\/index.php\/2026\/09\/03\/social-media-do-comando-vermelho-de-ms-e-preso-escondido-em-mato-grosso\/","title":{"rendered":"\u201cSocial media\u201d do Comando Vermelho de MS \u00e9 preso escondido em Mato Grosso"},"content":{"rendered":"<p><img decoding=\"async\" src=\"https:\/\/odocumento.com.br\/content\/images\/2026\/09\/23a77cd6-6ceb-4ca0-b577-c76f9555b39c.jpg\" alt=\"&#x201C;Social media&#x201D; do Comando Vermelho de MS &#xE9; preso escondido em Mato Grosso\"><\/p>\n<p><strong><em>Conte&#xFA;do\/ODOC<\/em><\/strong> &#8211; Um homem apontado como respons&#xE1;vel por administrar as redes sociais do Comando Vermelho (CV) em Mato Grosso do Sul foi preso na manh&#xE3; desta quinta-feira (3), em Juscimeira (157 km ao sul de Cuiab&#xE1;). Segundo as investiga&#xE7;&#xF5;es, ele produzia<strong> <\/strong>e divulgava conte&#xFA;dos relacionados a execu&#xE7;&#xF5;es de integrantes de fac&#xE7;&#xF5;es rivais.<\/p>\n<p>A pris&#xE3;o ocorreu durante a <strong>Opera&#xE7;&#xE3;o Toler&#xE2;ncia Zero &#xE0;s Fac&#xE7;&#xF5;es Criminosas<\/strong>, em uma a&#xE7;&#xE3;o conjunta do Grupo de Atua&#xE7;&#xE3;o Especial de Combate ao Crime Organizado (Gaeco) de Mato Grosso do Sul e de equipes do 28&#xBA; Batalh&#xE3;o da Pol&#xED;cia Militar de Jaciara.<\/p>\n<p>Conforme as informa&#xE7;&#xF5;es policiais, o suspeito era respons&#xE1;vel pela edi&#xE7;&#xE3;o e publica&#xE7;&#xE3;o de v&#xED;deos e fotografias envolvendo integrantes do Primeiro Comando da Capital (PCC) que haviam sido &#x201C;decretados&#x201D; para morrer.<\/p>\n<p>O conte&#xFA;do era usado para divulgar a&#xE7;&#xF5;es criminosas e demonstrar a atua&#xE7;&#xE3;o e a expans&#xE3;o territorial do Comando Vermelho em Mato Grosso do Sul.<\/p>\n<p>O mandado de pris&#xE3;o foi expedido pela Vara de Garantias de Tr&#xEA;s Lagoas (MS), com base no artigo 2&#xBA; da Lei n&#xBA; 12.850\/2013, que trata do crime de organiza&#xE7;&#xE3;o criminosa.<\/p>\n<p><strong>EXECU&#xC7;&#xC3;O DE PAI E FILHAS<\/strong><\/p>\n<p>Entre os casos relacionados aos conte&#xFA;dos divulgados pelo suspeito est&#xE1; o de um homem identificado como M&#xE1;rcio, que, segundo a investiga&#xE7;&#xE3;o, teve a morte anunciada nas redes sociais administradas pelo criminoso.<\/p>\n<p>Durante o ataque contra M&#xE1;rcio, uma filha dele, de apenas 3 anos, tamb&#xE9;m foi morta. Outra filha, de 12 anos, foi atingida por disparos de arma de fogo.<\/p>\n<p>Ap&#xF3;s a pris&#xE3;o, o suspeito foi encaminhado &#xE0; Delegacia de Pol&#xED;cia Civil e ficou &#xE0; disposi&#xE7;&#xE3;o da Justi&#xE7;a.<\/p>\n<p><strong>Fonte:<\/strong> Policial &#8211; O DOCUMENTO | Confira as principais not\u00edcias de Cuiab\u00e1, Mato Grosso e regi\u00e3o (https:\/\/odocumento.com.br\/social-media-do-comando-vermelho-de-ms-e-preso-escondido-em-mato-grosso\/)<\/p>\n","protected":false},"excerpt":{"rendered":"<p>Conte&#xFA;do\/ODOC &#8211; Um homem apontado como respons&#xE1;vel por administrar as redes sociais do Comando Vermelho<\/p>\n","protected":false},"author":2,"featured_media":96138,"comment_status":"open","ping_status":"open","sticky":false,"template":"","format":"standard","meta":{"footnotes":""},"categories":[8],"tags":[],"aioseo_notices":[],"_links":{"self":[{"href":"https:\/\/portalnewsgta.com.br\/index.php\/wp-json\/wp\/v2\/posts\/96137"}],"collection":[{"href":"https:\/\/portalnewsgta.com.br\/index.php\/wp-json\/wp\/v2\/posts"}],"about":[{"href":"https:\/\/portalnewsgta.com.br\/index.php\/wp-json\/wp\/v2\/types\/post"}],"author":[{"embeddable":true,"href":"https:\/\/portalnewsgta.com.br\/index.php\/wp-json\/wp\/v2\/users\/2"}],"replies":[{"embeddable":true,"href":"https:\/\/portalnewsgta.com.br\/index.php\/wp-json\/wp\/v2\/comments?post=96137"}],"version-history":[{"count":0,"href":"https:\/\/portalnewsgta.com.br\/index.php\/wp-json\/wp\/v2\/posts\/96137\/revisions"}],"wp:featuredmedia":[{"embeddable":true,"href":"https:\/\/portalnewsgta.com.br\/index.php\/wp-json\/wp\/v2\/media\/96138"}],"wp:attachment":[{"href":"https:\/\/portalnewsgta.com.br\/index.php\/wp-json\/wp\/v2\/media?parent=96137"}],"wp:term":[{"taxonomy":"category","embeddable":true,"href":"https:\/\/portalnewsgta.com.br\/index.php\/wp-json\/wp\/v2\/categories?post=96137"},{"taxonomy":"post_tag","embeddable":true,"href":"https:\/\/portalnewsgta.com.br\/index.php\/wp-json\/wp\/v2\/tags?post=96137"}],"curies":[{"name":"wp","href":"https:\/\/api.w.org\/{rel}","templated":true}]}}