{"id":96123,"date":"2026-09-03T10:56:19","date_gmt":"2026-09-03T13:56:19","guid":{"rendered":"https:\/\/portalnewsgta.com.br\/index.php\/2026\/09\/03\/festa-de-sao-francisco-de-assis-chega-a-sua-112a-edicao-e-comeca-nesta-quinta-feira\/"},"modified":"2026-09-03T10:56:19","modified_gmt":"2026-09-03T13:56:19","slug":"festa-de-sao-francisco-de-assis-chega-a-sua-112a-edicao-e-comeca-nesta-quinta-feira","status":"publish","type":"post","link":"https:\/\/portalnewsgta.com.br\/index.php\/2026\/09\/03\/festa-de-sao-francisco-de-assis-chega-a-sua-112a-edicao-e-comeca-nesta-quinta-feira\/","title":{"rendered":"Festa de S\u00e3o Francisco de Assis chega a sua 112\u00aa edi\u00e7\u00e3o e come\u00e7a nesta quinta-feira"},"content":{"rendered":"<p><img decoding=\"async\" src=\"https:\/\/odocumento.com.br\/content\/images\/2026\/09\/5a0a3dad-dc29-4616-8d1b-e1c0aff61fff.jpg\" alt=\"Festa de S&#xE3;o Francisco de Assis chega a sua 112&#xAA; edi&#xE7;&#xE3;o e come&#xE7;a nesta quinta-feira\"><\/p>\n<p>A tradi&#xE7;&#xE3;o, a f&#xE9; e a cultura popular mato-grossense t&#xEA;m encontro marcado na centen&#xE1;ria comunidade de Ponte Alta, zona rural de Chapada dos Guimar&#xE3;es. Entre os dias 03, 04 e 05 de setembro de 2026, a regi&#xE3;o sedia a 112&#xAA; Festa de S&#xE3;o Francisco de Assis, um dos mais antigos e expressivos festejos cat&#xF3;licos de Mato Grosso.<\/p>\n<p>Iniciada em 1900 por fam&#xED;lias migrantes cearenses, a celebra&#xE7;&#xE3;o ultrapassou a marca de um s&#xE9;culo mantendo viva sua ess&#xEA;ncia: a hospitalidade, a devo&#xE7;&#xE3;o ao santo protetor dos animais e o fortalecimento dos v&#xED;nculos comunit&#xE1;rios. O evento atrai anualmente milhares de visitantes, promovendo a integra&#xE7;&#xE3;o entre a popula&#xE7;&#xE3;o local, turistas e descendentes das fam&#xED;lias fundadoras.<\/p>\n<p>A estrutura do evento foi pensada para acolher o p&#xFA;blico e uma das principais marcas da festividade &#xE9; a gratuidade absoluta: al&#xE9;m do acesso livre a toda a programa&#xE7;&#xE3;o, a organiza&#xE7;&#xE3;o mant&#xE9;m a tradi&#xE7;&#xE3;o da caridade franciscana oferecendo caf&#xE9; da manh&#xE3;, almo&#xE7;o e jantar gratuitos a todos os presentes durante os dias de festa.<\/p>\n<p>&quot;A Festa de S&#xE3;o Francisco de Assis &#xE9; um patrim&#xF4;nio imaterial vivo da nossa gente. Apoiar essa iniciativa &#xE9; garantir que a cultura popular, a f&#xE9; e a nossa economia criativa caminhem juntas, gerando oportunidades para a comunidade e preservando uma hist&#xF3;ria que come&#xE7;ou h&#xE1; mais de um s&#xE9;culo. &#xC9; um orgulho ver o poder p&#xFA;blico e a sociedade civil unidos para entregar um evento grandioso, inclusivo e totalmente gratuito&quot;, destaca Marcelo Carvalho, presidente do Instituto Realize, realizador do evento.<\/p>\n<p>Para esta 112&#xAA; edi&#xE7;&#xE3;o, a organiza&#xE7;&#xE3;o preparou uma programa&#xE7;&#xE3;o focada nos talentos regionais. A programa&#xE7;&#xE3;o mescla o rito religioso (missas, b&#xEA;n&#xE7;&#xE3;os e prociss&#xF5;es) com as manifesta&#xE7;&#xF5;es art&#xED;sticas populares.<\/p>\n<p><strong>Destaques da Programa&#xE7;&#xE3;o<\/strong> <\/p>\n<p>Confira abaixo as principais atra&#xE7;&#xF5;es de cada dia do evento.<\/p>\n<p>03\/09 (Quinta): Baile das Cozinheiras com Banda Pegada Vip, &#xC2;ngelo e Jaciel Lambadeiros.<\/p>\n<p>04\/09 (Sexta): Baile na Cozinha com Banda de Sopro; Shows no sal&#xE3;o principal com Patrique Macedo &amp; Banda, Vuco Vuco, Banda Mega Som e DJ Teco.<\/p>\n<p>05\/09 (S&#xE1;bado): Baile na Cozinha, Baile Resgatando Tradi&#xE7;&#xF5;es; Grande Baile de Encerramento com Patrique Macedo &amp; Banda Vuco Vuco, Agnelo dos Teclados, Banda Os Federais e DJ Teco.<\/p>\n<p><strong>Fonte:<\/strong> Cidades &#8211; O DOCUMENTO | Confira as principais not\u00edcias de Cuiab\u00e1, Mato Grosso e regi\u00e3o (https:\/\/odocumento.com.br\/festa-de-sao-francisco-de-assis-chega-a-sua-112a-edicao-e-comeca-nesta-quinta-feira\/)<\/p>\n","protected":false},"excerpt":{"rendered":"<p>A tradi&#xE7;&#xE3;o, a f&#xE9; e a cultura popular mato-grossense t&#xEA;m encontro marcado na centen&#xE1;ria comunidade<\/p>\n","protected":false},"author":2,"featured_media":96124,"comment_status":"open","ping_status":"open","sticky":false,"template":"","format":"standard","meta":{"footnotes":""},"categories":[7],"tags":[],"aioseo_notices":[],"_links":{"self":[{"href":"https:\/\/portalnewsgta.com.br\/index.php\/wp-json\/wp\/v2\/posts\/96123"}],"collection":[{"href":"https:\/\/portalnewsgta.com.br\/index.php\/wp-json\/wp\/v2\/posts"}],"about":[{"href":"https:\/\/portalnewsgta.com.br\/index.php\/wp-json\/wp\/v2\/types\/post"}],"author":[{"embeddable":true,"href":"https:\/\/portalnewsgta.com.br\/index.php\/wp-json\/wp\/v2\/users\/2"}],"replies":[{"embeddable":true,"href":"https:\/\/portalnewsgta.com.br\/index.php\/wp-json\/wp\/v2\/comments?post=96123"}],"version-history":[{"count":0,"href":"https:\/\/portalnewsgta.com.br\/index.php\/wp-json\/wp\/v2\/posts\/96123\/revisions"}],"wp:featuredmedia":[{"embeddable":true,"href":"https:\/\/portalnewsgta.com.br\/index.php\/wp-json\/wp\/v2\/media\/96124"}],"wp:attachment":[{"href":"https:\/\/portalnewsgta.com.br\/index.php\/wp-json\/wp\/v2\/media?parent=96123"}],"wp:term":[{"taxonomy":"category","embeddable":true,"href":"https:\/\/portalnewsgta.com.br\/index.php\/wp-json\/wp\/v2\/categories?post=96123"},{"taxonomy":"post_tag","embeddable":true,"href":"https:\/\/portalnewsgta.com.br\/index.php\/wp-json\/wp\/v2\/tags?post=96123"}],"curies":[{"name":"wp","href":"https:\/\/api.w.org\/{rel}","templated":true}]}}