{"id":96115,"date":"2026-09-03T08:55:45","date_gmt":"2026-09-03T11:55:45","guid":{"rendered":"https:\/\/portalnewsgta.com.br\/index.php\/2026\/09\/03\/pl-critica-janaina-riva-por-judicializar-disputa-por-tempo-de-propaganda-com-jose-medeiros\/"},"modified":"2026-09-03T08:55:45","modified_gmt":"2026-09-03T11:55:45","slug":"pl-critica-janaina-riva-por-judicializar-disputa-por-tempo-de-propaganda-com-jose-medeiros","status":"publish","type":"post","link":"https:\/\/portalnewsgta.com.br\/index.php\/2026\/09\/03\/pl-critica-janaina-riva-por-judicializar-disputa-por-tempo-de-propaganda-com-jose-medeiros\/","title":{"rendered":"PL critica Janaina Riva por judicializar disputa por tempo de propaganda com Jos\u00e9 Medeiros"},"content":{"rendered":"<p><img decoding=\"async\" src=\"https:\/\/odocumento.com.br\/content\/images\/2026\/09\/ccadd2ba2b199dff8c5aadbf829d8cdf.jpg\" alt=\"PL critica Janaina Riva por judicializar disputa por tempo de propaganda com Jos&#xE9; Medeiros\"><\/p>\n<p><strong><em>Conte&#xFA;do\/ODOC<\/em><\/strong> &#8211; O presidente estadual do PL, Ananias Filho, criticou a decis&#xE3;o da candidata ao Senado Janaina Riva (MDB) de recorrer &#xE0; Justi&#xE7;a Eleitoral na disputa pelo tempo de propaganda no r&#xE1;dio e na televis&#xE3;o com Jos&#xE9; Medeiros (PL). Segundo ele, a quest&#xE3;o deveria ter sido resolvida internamente entre os partidos que integram a coliga&#xE7;&#xE3;o.<\/p>\n<p>&#x201C;Eu vi com tristeza. Eu achava que poder&#xED;amos discutir e decidir interna corporis, tanto &#xE9; que eu participei ativamente de todas as reuni&#xF5;es&#x201D;, afirmou Ananias. A discuss&#xE3;o envolve 1 minuto e 51 segundos destinados &#xE0; chapa para o Senado. Jana&#xED;na questionou a divis&#xE3;o e defendeu que o espa&#xE7;o fosse distribu&#xED;do igualmente entre as duas candidaturas.<\/p>\n<p>Ananias afirma que a divis&#xE3;o considerou o tempo pertencente a cada partido. Segundo ele, Jana&#xED;na ficou com o espa&#xE7;o do MDB e tamb&#xE9;m com inser&#xE7;&#xF5;es do PRD e Solidariedade. O dirigente acrescentou que o PL e Medeiros abriram m&#xE3;o de parte do tempo compartilhado em favor da candidata. &#x201C;Os 20 segundos que era do comum, que seria 10 para o Medeiros e 10 para ela, n&#xF3;s deixamos tudo para ela&#x201D;, declarou.<\/p>\n<p>Jana&#xED;na acionou o Tribunal Regional Eleitoral de Mato Grosso (TRE-MT) e pediu liminar para garantir 50% do hor&#xE1;rio eleitoral destinado &#xE0;s candidaturas ao Senado. A ju&#xED;za auxiliar da propaganda eleitoral Glenda Moreira Borges negou o pedido ao apontar que n&#xE3;o h&#xE1; previs&#xE3;o expressa na legisla&#xE7;&#xE3;o determinando divis&#xE3;o igualit&#xE1;ria do tempo entre candidatos ao mesmo cargo majorit&#xE1;rio.<\/p>\n<p>Para Ananias, levar o impasse ao Judici&#xE1;rio amplia uma disputa interna que poderia ter sido solucionada politicamente. &#x201C;Essa briga dos dois eu acho que n&#xE3;o tem ganhador, &#xE9; uma discuss&#xE3;o que n&#xE3;o tem ganhador&#x201D;, concluiu.<\/p>\n<p><strong>Fonte:<\/strong> Pol\u00edtica &#8211; O DOCUMENTO | Confira as principais not\u00edcias de Cuiab\u00e1, Mato Grosso e regi\u00e3o (https:\/\/odocumento.com.br\/pl-critica-janaina-riva-por-judicializar-disputa-por-tempo-de-propaganda-com-medeiros\/)<\/p>\n","protected":false},"excerpt":{"rendered":"<p>Conte&#xFA;do\/ODOC &#8211; O presidente estadual do PL, Ananias Filho, criticou a decis&#xE3;o da candidata ao<\/p>\n","protected":false},"author":2,"featured_media":96116,"comment_status":"open","ping_status":"open","sticky":false,"template":"","format":"standard","meta":{"footnotes":""},"categories":[2],"tags":[],"aioseo_notices":[],"_links":{"self":[{"href":"https:\/\/portalnewsgta.com.br\/index.php\/wp-json\/wp\/v2\/posts\/96115"}],"collection":[{"href":"https:\/\/portalnewsgta.com.br\/index.php\/wp-json\/wp\/v2\/posts"}],"about":[{"href":"https:\/\/portalnewsgta.com.br\/index.php\/wp-json\/wp\/v2\/types\/post"}],"author":[{"embeddable":true,"href":"https:\/\/portalnewsgta.com.br\/index.php\/wp-json\/wp\/v2\/users\/2"}],"replies":[{"embeddable":true,"href":"https:\/\/portalnewsgta.com.br\/index.php\/wp-json\/wp\/v2\/comments?post=96115"}],"version-history":[{"count":0,"href":"https:\/\/portalnewsgta.com.br\/index.php\/wp-json\/wp\/v2\/posts\/96115\/revisions"}],"wp:featuredmedia":[{"embeddable":true,"href":"https:\/\/portalnewsgta.com.br\/index.php\/wp-json\/wp\/v2\/media\/96116"}],"wp:attachment":[{"href":"https:\/\/portalnewsgta.com.br\/index.php\/wp-json\/wp\/v2\/media?parent=96115"}],"wp:term":[{"taxonomy":"category","embeddable":true,"href":"https:\/\/portalnewsgta.com.br\/index.php\/wp-json\/wp\/v2\/categories?post=96115"},{"taxonomy":"post_tag","embeddable":true,"href":"https:\/\/portalnewsgta.com.br\/index.php\/wp-json\/wp\/v2\/tags?post=96115"}],"curies":[{"name":"wp","href":"https:\/\/api.w.org\/{rel}","templated":true}]}}