{"id":96093,"date":"2026-09-03T02:55:53","date_gmt":"2026-09-03T05:55:53","guid":{"rendered":"https:\/\/portalnewsgta.com.br\/index.php\/2026\/09\/03\/mauro-mendes-aponta-falha-na-montagem-de-chapa-e-projeta-eleicao-de-dois-estaduais-no-ub\/"},"modified":"2026-09-03T02:55:53","modified_gmt":"2026-09-03T05:55:53","slug":"mauro-mendes-aponta-falha-na-montagem-de-chapa-e-projeta-eleicao-de-dois-estaduais-no-ub","status":"publish","type":"post","link":"https:\/\/portalnewsgta.com.br\/index.php\/2026\/09\/03\/mauro-mendes-aponta-falha-na-montagem-de-chapa-e-projeta-eleicao-de-dois-estaduais-no-ub\/","title":{"rendered":"Mauro Mendes aponta falha na montagem de chapa e projeta elei\u00e7\u00e3o de dois estaduais no UB"},"content":{"rendered":"<p><img decoding=\"async\" src=\"https:\/\/odocumento.com.br\/content\/images\/2026\/09\/dc7fde25-37f6-4496-9bc6-1ae7240c5f48.jpg\" alt=\"Mauro Mendes aponta falha na montagem de chapa e projeta elei&#xE7;&#xE3;o de dois estaduais no UB\"><\/p>\n<p><strong><em>Conte&#xFA;do\/ODOC <\/em><\/strong>&#8211; O ex-governador de Mato Grosso, presidente estadual do Uni&#xE3;o Brasil e candidato ao Senado, Mauro Mendes, analisou em entrevista a montagem da chapa proporcional do partido para a Assembleia Legislativa. O dirigente projetou que a legenda deve garantir duas cadeiras no Parlamento estadual nas elei&#xE7;&#xF5;es de outubro, reconhecendo que o resultado reflete os limites da composi&#xE7;&#xE3;o formada para a disputa.<\/p>\n<p>Ao detalhar a viabilidade eleitoral dos nomes que disputam o pleito pela sigla, Mendes apontou os deputados com maior densidade de votos como pilares para atingir o quociente necess&#xE1;rio.<\/p>\n<p>&#x201C;Formou-se uma chapa ali que hoje tem condi&#xE7;&#xE3;o de fazer dois deputados com certeza. O Dilmar tem um potencial grande, o J&#xFA;lio tem potencial, o Sebasti&#xE3;o Rezende tem potencial. S&#xF3; os tr&#xEA;s chegam pr&#xF3;ximo j&#xE1; de duas vagas. Com os demais, n&#xF3;s garantimos duas vagas com certeza&#x201D;, avaliou o presidente regional do partido.<\/p>\n<p>O candidato ao Senado fez uma autocr&#xED;tica p&#xFA;blica sobre a articula&#xE7;&#xE3;o do grupo e admitiu que o processo de atra&#xE7;&#xE3;o de novos quadros ficou aqu&#xE9;m do esperado. &#x201C;Nessa constru&#xE7;&#xE3;o houve falha, sim. E a maior falha &#xE9; dos maiores interessados, que s&#xE3;o os pr&#xF3;prios deputados estaduais. Nos outros partidos, eu vi os deputados estaduais trabalhando essa forma&#xE7;&#xE3;o partid&#xE1;ria&#x201D;, apontou o l&#xED;der.<\/p>\n<p>Mauro Mendes atribuiu diretamente aos parlamentares de mandato a responsabilidade pela falta de fortalecimento da nominata proporcional da sigla. &#x201C;O fator preponderante, na minha opini&#xE3;o, foi a falta de empenho dos pr&#xF3;prios deputados estaduais em trazer quadros para dentro do partido para formar uma chapa mais densa&#x201D;, finalizou o ex-governador.<\/p>\n<p><strong>Fonte:<\/strong> Pol\u00edtica &#8211; O DOCUMENTO | Confira as principais not\u00edcias de Cuiab\u00e1, Mato Grosso e regi\u00e3o (https:\/\/odocumento.com.br\/mauro-mendes-aponta-falha-na-montagem-de-chapa-e-projeta-eleicao-de-dois-estaduais-no-ub\/)<\/p>\n","protected":false},"excerpt":{"rendered":"<p>Conte&#xFA;do\/ODOC &#8211; O ex-governador de Mato Grosso, presidente estadual do Uni&#xE3;o Brasil e candidato ao<\/p>\n","protected":false},"author":2,"featured_media":96094,"comment_status":"open","ping_status":"open","sticky":false,"template":"","format":"standard","meta":{"footnotes":""},"categories":[2],"tags":[],"aioseo_notices":[],"_links":{"self":[{"href":"https:\/\/portalnewsgta.com.br\/index.php\/wp-json\/wp\/v2\/posts\/96093"}],"collection":[{"href":"https:\/\/portalnewsgta.com.br\/index.php\/wp-json\/wp\/v2\/posts"}],"about":[{"href":"https:\/\/portalnewsgta.com.br\/index.php\/wp-json\/wp\/v2\/types\/post"}],"author":[{"embeddable":true,"href":"https:\/\/portalnewsgta.com.br\/index.php\/wp-json\/wp\/v2\/users\/2"}],"replies":[{"embeddable":true,"href":"https:\/\/portalnewsgta.com.br\/index.php\/wp-json\/wp\/v2\/comments?post=96093"}],"version-history":[{"count":0,"href":"https:\/\/portalnewsgta.com.br\/index.php\/wp-json\/wp\/v2\/posts\/96093\/revisions"}],"wp:featuredmedia":[{"embeddable":true,"href":"https:\/\/portalnewsgta.com.br\/index.php\/wp-json\/wp\/v2\/media\/96094"}],"wp:attachment":[{"href":"https:\/\/portalnewsgta.com.br\/index.php\/wp-json\/wp\/v2\/media?parent=96093"}],"wp:term":[{"taxonomy":"category","embeddable":true,"href":"https:\/\/portalnewsgta.com.br\/index.php\/wp-json\/wp\/v2\/categories?post=96093"},{"taxonomy":"post_tag","embeddable":true,"href":"https:\/\/portalnewsgta.com.br\/index.php\/wp-json\/wp\/v2\/tags?post=96093"}],"curies":[{"name":"wp","href":"https:\/\/api.w.org\/{rel}","templated":true}]}}