{"id":96089,"date":"2026-09-03T02:55:52","date_gmt":"2026-09-03T05:55:52","guid":{"rendered":"https:\/\/portalnewsgta.com.br\/index.php\/2026\/09\/03\/medeiros-abraca-vice-de-wellington-e-reforca-uniao-do-pl-pela-candidatura-ao-governo\/"},"modified":"2026-09-03T02:55:52","modified_gmt":"2026-09-03T05:55:52","slug":"medeiros-abraca-vice-de-wellington-e-reforca-uniao-do-pl-pela-candidatura-ao-governo","status":"publish","type":"post","link":"https:\/\/portalnewsgta.com.br\/index.php\/2026\/09\/03\/medeiros-abraca-vice-de-wellington-e-reforca-uniao-do-pl-pela-candidatura-ao-governo\/","title":{"rendered":"Medeiros abra\u00e7a vice de Wellington e refor\u00e7a uni\u00e3o do PL pela candidatura ao governo"},"content":{"rendered":"<p><img decoding=\"async\" src=\"https:\/\/odocumento.com.br\/content\/images\/2026\/09\/66e1eca7145423c4fd2ddd6284416685.jpg\" alt=\"Medeiros abra&#xE7;a vice de Wellington e refor&#xE7;a uni&#xE3;o do PL pela candidatura ao governo\"><\/p>\n<p>O deputado federal Jos&#xE9; Medeiros (PL) fez uma demonstra&#xE7;&#xE3;o p&#xFA;blica de alinhamento com a chapa de Wellington Fagundes (PL) ao Governo de Mato Grosso. Na noite de ter&#xE7;a-feira (1), em Sorriso, Medeiros declarou ter &#x201C;o maior orgulho&#x201D; de caminhar ao lado de Reinaldo Morais (Novo), candidato a vice-governador.<\/p>\n<p>&#x201C;Eu tenho o maior orgulho de andar com ele. Ent&#xE3;o &#xE9; o time, gente, que eu tenho que defender&#x201D;, afirmou Medeiros durante o lan&#xE7;amento da candidatura de Fredison Dias a deputado estadual.<\/p>\n<p>A declara&#xE7;&#xE3;o refor&#xE7;a a uni&#xE3;o de lideran&#xE7;as do PL em torno da candidatura de Wellington. Diante dos eleitores, Medeiros elogiou Reinaldo, colocou o vice entre os nomes do seu &#x201C;time&#x201D; e pediu apoio ao grupo.<\/p>\n<p>O gesto tamb&#xE9;m enfraquece a narrativa de divis&#xE3;o da direita em Mato Grosso. Em plena campanha, Medeiros aparece em agenda p&#xFA;blica ao lado do vice de Wellington e deixa claro qual grupo pol&#xED;tico afirma ter orgulho de defender.<\/p>\n<figure class=\"kg-card kg-video-card kg-width-regular\" data-kg-thumbnail=\"https:\/\/odocumento.com.br\/content\/media\/2026\/09\/WhatsApp-Video-2026-09-02-at-16.24.44_thumb.jpg\" data-kg-custom-thumbnail>\n<div class=\"kg-video-container\">\n                <video src=\"https:\/\/odocumento.com.br\/content\/media\/2026\/09\/WhatsApp-Video-2026-09-02-at-16.24.44.mp4\" poster=\"https:\/\/img.spacergif.org\/v1\/464x832\/0a\/spacer.png\" width=\"464\" height=\"832\" playsinline preload=\"metadata\" style=\") 50% 50% \/ cover no-repeat\"><\/video><\/p>\n<div class=\"kg-video-overlay\">\n                    <button class=\"kg-video-large-play-icon\" aria-label=\"Play video\"><\/p>\n<p>                    <\/button>\n                <\/div>\n<div class=\"kg-video-player-container\">\n<div class=\"kg-video-player\">\n                        <button class=\"kg-video-play-icon\" aria-label=\"Play video\"><\/p>\n<p>                        <\/button><br \/>\n                        <button class=\"kg-video-pause-icon kg-video-hide\" aria-label=\"Pause video\"><\/p>\n<p>                        <\/button><br \/>\n                        <span class=\"kg-video-current-time\">0:00<\/span><\/p>\n<div class=\"kg-video-time\">\n                            \/<span class=\"kg-video-duration\">0:55<\/span>\n                        <\/div>\n<p>                        <button class=\"kg-video-playback-rate\" aria-label=\"Adjust playback speed\">1&#xD7;<\/button><br \/>\n                        <button class=\"kg-video-unmute-icon\" aria-label=\"Unmute\"><\/p>\n<p>                        <\/button><br \/>\n                        <button class=\"kg-video-mute-icon kg-video-hide\" aria-label=\"Mute\"><\/p>\n<p>                        <\/button><\/p><\/div>\n<\/p><\/div>\n<\/p><\/div>\n<\/figure>\n<p><strong>Fonte:<\/strong> Pol\u00edtica &#8211; O DOCUMENTO | Confira as principais not\u00edcias de Cuiab\u00e1, Mato Grosso e regi\u00e3o (https:\/\/odocumento.com.br\/medeiros-abraca-vice-de-wellington-e-reforca-uniao-de-lideres-do-pl-pela-candidatura-ao-governo\/)<\/p>\n","protected":false},"excerpt":{"rendered":"<p>O deputado federal Jos&#xE9; Medeiros (PL) fez uma demonstra&#xE7;&#xE3;o p&#xFA;blica de alinhamento com a chapa<\/p>\n","protected":false},"author":2,"featured_media":96090,"comment_status":"open","ping_status":"open","sticky":false,"template":"","format":"standard","meta":{"footnotes":""},"categories":[2],"tags":[],"aioseo_notices":[],"_links":{"self":[{"href":"https:\/\/portalnewsgta.com.br\/index.php\/wp-json\/wp\/v2\/posts\/96089"}],"collection":[{"href":"https:\/\/portalnewsgta.com.br\/index.php\/wp-json\/wp\/v2\/posts"}],"about":[{"href":"https:\/\/portalnewsgta.com.br\/index.php\/wp-json\/wp\/v2\/types\/post"}],"author":[{"embeddable":true,"href":"https:\/\/portalnewsgta.com.br\/index.php\/wp-json\/wp\/v2\/users\/2"}],"replies":[{"embeddable":true,"href":"https:\/\/portalnewsgta.com.br\/index.php\/wp-json\/wp\/v2\/comments?post=96089"}],"version-history":[{"count":0,"href":"https:\/\/portalnewsgta.com.br\/index.php\/wp-json\/wp\/v2\/posts\/96089\/revisions"}],"wp:featuredmedia":[{"embeddable":true,"href":"https:\/\/portalnewsgta.com.br\/index.php\/wp-json\/wp\/v2\/media\/96090"}],"wp:attachment":[{"href":"https:\/\/portalnewsgta.com.br\/index.php\/wp-json\/wp\/v2\/media?parent=96089"}],"wp:term":[{"taxonomy":"category","embeddable":true,"href":"https:\/\/portalnewsgta.com.br\/index.php\/wp-json\/wp\/v2\/categories?post=96089"},{"taxonomy":"post_tag","embeddable":true,"href":"https:\/\/portalnewsgta.com.br\/index.php\/wp-json\/wp\/v2\/tags?post=96089"}],"curies":[{"name":"wp","href":"https:\/\/api.w.org\/{rel}","templated":true}]}}