{"id":96071,"date":"2026-09-02T21:55:42","date_gmt":"2026-09-03T00:55:42","guid":{"rendered":"https:\/\/portalnewsgta.com.br\/index.php\/2026\/09\/02\/mauro-cita-escandalo-e-cobra-acao-do-senado-sobre-moraes-o-brasil-nao-aguenta-mais\/"},"modified":"2026-09-02T21:55:42","modified_gmt":"2026-09-03T00:55:42","slug":"mauro-cita-escandalo-e-cobra-acao-do-senado-sobre-moraes-o-brasil-nao-aguenta-mais","status":"publish","type":"post","link":"https:\/\/portalnewsgta.com.br\/index.php\/2026\/09\/02\/mauro-cita-escandalo-e-cobra-acao-do-senado-sobre-moraes-o-brasil-nao-aguenta-mais\/","title":{"rendered":"Mauro cita &#8220;esc\u00e2ndalo&#8221; e cobra a\u00e7\u00e3o do Senado sobre Moraes: &#8220;O Brasil n\u00e3o aguenta mais&#8221;"},"content":{"rendered":"<p><img decoding=\"async\" src=\"https:\/\/odocumento.com.br\/content\/images\/2026\/09\/IMG_6338.JPG\" alt=\"Mauro cita &quot;esc&#xE2;ndalo&quot; e cobra a&#xE7;&#xE3;o do Senado sobre Moraes: &quot;O Brasil n&#xE3;o aguenta mais&quot;\"><\/p>\n<p>O candidato ao Senado Mauro Mendes classificou como &quot;grav&#xED;ssimas&quot; as den&#xFA;ncias envolvendo o ministro do STF Alexandre de Moraes e o banqueiro Daniel Vorcaro, do Banco Master, e defendeu uma investiga&#xE7;&#xE3;o rigorosa pelo Senado. Para Mauro, ningu&#xE9;m que exer&#xE7;a fun&#xE7;&#xE3;o p&#xFA;blica pode ser intoc&#xE1;vel.<\/p>\n<p>&quot;O Brasil n&#xE3;o pode continuar assistindo a isso. O Brasil n&#xE3;o aguenta mais ver esc&#xE2;ndalos acontecendo e, depois, serem colocados de lado enquanto o Senado n&#xE3;o age, n&#xE3;o faz nada. O Senado &#xE9; o &#xFA;nico &#xF3;rg&#xE3;o que pode conter esses absurdos. &#xC9; por isso que eu sou candidato ao Senado&quot;.&#xA0;<\/p>\n<p>As informa&#xE7;&#xF5;es vieram &#xE0; tona a partir de mensagens encontradas pela Pol&#xED;cia Federal no celular de Vorcaro e envolvem contatos do banqueiro com Moraes, al&#xE9;m de contratos entre o Banco Master e o escrit&#xF3;rio de advocacia da esposa do ministro. O caso est&#xE1; em investiga&#xE7;&#xE3;o e ganhou novos desdobramentos nesta semana, ap&#xF3;s a divulga&#xE7;&#xE3;o de mensagens e documentos relacionados &#xE0; rela&#xE7;&#xE3;o entre os envolvidos.&#xA0;<\/p>\n<p>Mauro afirmou que, caso as suspeitas sejam comprovadas, os fatos s&#xE3;o incompat&#xED;veis com a responsabilidade esperada de um integrante da Suprema Corte. Ele citou as mensagens atribu&#xED;das a Vorcaro, nas quais o banqueiro teria buscado informa&#xE7;&#xF5;es e ajuda para interferir no andamento de investiga&#xE7;&#xF5;es, al&#xE9;m de mencionar encontros, viagens e benef&#xED;cios. Para Mauro, o pr&#xF3;prio ministro precisa prestar esclarecimentos e o Senado tem papel fundamental na apura&#xE7;&#xE3;o das den&#xFA;ncias.&#xA0;<\/p>\n<p>&quot;J&#xE1; mostrei muitas vezes que tenho coragem. J&#xE1; enfrentei muita coisa aqui em Mato Grosso, e muita gente sabe disso. Enfrentei e entreguei resultados. Mas espero que n&#xE3;o seja preciso chegar ao ano que vem para mudar dois ter&#xE7;os do Senado e trazer pessoas novas, com mais coragem. Os atuais senadores t&#xEA;m o dever de abrir um processo, dar continuidade, acompanhar as investiga&#xE7;&#xF5;es e as provas para tomar uma atitude para tirar de l&#xE1; pessoas que n&#xE3;o representam o pr&#xF3;prio Supremo Tribunal Federal nem o Brasil&quot;.&#xA0;<\/p>\n<p>A crise tamb&#xE9;m refor&#xE7;ou a defesa de mandato para ministros do STF, pauta que Mauro Mendes pretende levar ao Senado. Atualmente, os integrantes da Corte permanecem no cargo at&#xE9; a aposentadoria compuls&#xF3;ria, aos 75 anos. A PEC 16\/2019 prev&#xEA; mandato de oito anos, sem recondu&#xE7;&#xE3;o, e aguarda relator na Comiss&#xE3;o de Constitui&#xE7;&#xE3;o e Justi&#xE7;a (CCJ) do Senado.&#xA0;<\/p>\n<p>Mauro afirmou que, se eleito, vai trabalhar para tirar a proposta da pauta de espera e avan&#xE7;ar com o fim da vitaliciedade dos ministros. &quot;Eu defendo mandato para ministro do Supremo Tribunal Federal. N&#xE3;o &#xE9; razo&#xE1;vel que uma pessoa possa permanecer d&#xE9;cadas em um dos cargos mais poderosos da Rep&#xFA;blica. Eu vou trabalhar no Senado para que os ministros tenham mandato e para que o cargo deixe de ser vital&#xED;cio&quot;, disse.<\/p>\n<p><strong>Fonte:<\/strong> Pol\u00edtica &#8211; O DOCUMENTO | Confira as principais not\u00edcias de Cuiab\u00e1, Mato Grosso e regi\u00e3o (https:\/\/odocumento.com.br\/mauro-cita-escandalo-e-cobra-acao-do-senado-sobre-moraes-o-brasil-nao-aguenta-mais\/)<\/p>\n","protected":false},"excerpt":{"rendered":"<p>O candidato ao Senado Mauro Mendes classificou como &quot;grav&#xED;ssimas&quot; as den&#xFA;ncias envolvendo o ministro do<\/p>\n","protected":false},"author":2,"featured_media":96072,"comment_status":"open","ping_status":"open","sticky":false,"template":"","format":"standard","meta":{"footnotes":""},"categories":[2],"tags":[],"aioseo_notices":[],"_links":{"self":[{"href":"https:\/\/portalnewsgta.com.br\/index.php\/wp-json\/wp\/v2\/posts\/96071"}],"collection":[{"href":"https:\/\/portalnewsgta.com.br\/index.php\/wp-json\/wp\/v2\/posts"}],"about":[{"href":"https:\/\/portalnewsgta.com.br\/index.php\/wp-json\/wp\/v2\/types\/post"}],"author":[{"embeddable":true,"href":"https:\/\/portalnewsgta.com.br\/index.php\/wp-json\/wp\/v2\/users\/2"}],"replies":[{"embeddable":true,"href":"https:\/\/portalnewsgta.com.br\/index.php\/wp-json\/wp\/v2\/comments?post=96071"}],"version-history":[{"count":0,"href":"https:\/\/portalnewsgta.com.br\/index.php\/wp-json\/wp\/v2\/posts\/96071\/revisions"}],"wp:featuredmedia":[{"embeddable":true,"href":"https:\/\/portalnewsgta.com.br\/index.php\/wp-json\/wp\/v2\/media\/96072"}],"wp:attachment":[{"href":"https:\/\/portalnewsgta.com.br\/index.php\/wp-json\/wp\/v2\/media?parent=96071"}],"wp:term":[{"taxonomy":"category","embeddable":true,"href":"https:\/\/portalnewsgta.com.br\/index.php\/wp-json\/wp\/v2\/categories?post=96071"},{"taxonomy":"post_tag","embeddable":true,"href":"https:\/\/portalnewsgta.com.br\/index.php\/wp-json\/wp\/v2\/tags?post=96071"}],"curies":[{"name":"wp","href":"https:\/\/api.w.org\/{rel}","templated":true}]}}