{"id":96063,"date":"2026-09-02T18:55:45","date_gmt":"2026-09-02T21:55:45","guid":{"rendered":"https:\/\/portalnewsgta.com.br\/index.php\/2026\/09\/02\/trf-rejeita-pedido-de-fazendeiros-de-mt-e-mantem-andamento-de-demarcacao-de-terra-indigena\/"},"modified":"2026-09-02T18:55:45","modified_gmt":"2026-09-02T21:55:45","slug":"trf-rejeita-pedido-de-fazendeiros-de-mt-e-mantem-andamento-de-demarcacao-de-terra-indigena","status":"publish","type":"post","link":"https:\/\/portalnewsgta.com.br\/index.php\/2026\/09\/02\/trf-rejeita-pedido-de-fazendeiros-de-mt-e-mantem-andamento-de-demarcacao-de-terra-indigena\/","title":{"rendered":"TRF rejeita pedido de fazendeiros de MT e mant\u00e9m andamento de demarca\u00e7\u00e3o de terra ind\u00edgena"},"content":{"rendered":"<p><img decoding=\"async\" src=\"https:\/\/odocumento.com.br\/content\/images\/2026\/09\/large.jpg\" alt=\"TRF rejeita pedido de fazendeiros de MT e mant&#xE9;m andamento de demarca&#xE7;&#xE3;o de terra ind&#xED;gena\"><\/p>\n<p>O Minist&#xE9;rio P&#xFA;blico Federal (MPF) obteve uma decis&#xE3;o do Tribunal Regional Federal da 1&#xAA; Regi&#xE3;o (TRF1) que manteve o andamento do processo administrativo de demarca&#xE7;&#xE3;o da Terra Ind&#xED;gena Kayabi, uma &#xE1;rea de aproximadamente 1,1 milh&#xE3;o de hectares, localizada entre Mato Grosso e Par&#xE1;.<\/p>\n<p>Por unanimidade, a 6&#xAA; Turma do tribunal rejeitou o pedido urgente de propriet&#xE1;rios rurais de Alta Floresta (MT) para suspender o procedimento, acompanhando os argumentos apresentados pelo MPF. Com a decis&#xE3;o, a Uni&#xE3;o e a Funda&#xE7;&#xE3;o Nacional dos Povos Ind&#xED;genas (Funai) podem dar prosseguimento aos trabalhos demarcat&#xF3;rios autorizados pela Portaria n&#xBA; 1.149\/2002 do Minist&#xE9;rio da Justi&#xE7;a.<\/p>\n<p>De acordo com o parecer do MPF, n&#xE3;o havia fundamento legal, risco de dano irrepar&#xE1;vel ou de dif&#xED;cil repara&#xE7;&#xE3;o que justificassem o pedido dos propriet&#xE1;rios rurais. Para o MPF, a suspens&#xE3;o de um procedimento fundamentado na Constitui&#xE7;&#xE3;o Federal n&#xE3;o poderia ser determinada sem considerar a prote&#xE7;&#xE3;o constitucional dos direitos origin&#xE1;rios dos povos ind&#xED;genas. O TRF1 concordou com esse entendimento e revogou a medida liminar que havia impedido o prosseguimento da demarca&#xE7;&#xE3;o.<\/p>\n<p>Outro argumento apresentado pelo MPF foi o de que t&#xED;tulos de propriedade emitidos pelo poder p&#xFA;blico, mesmo quando anteriores &#xE0; Constitui&#xE7;&#xE3;o de 1988, n&#xE3;o s&#xE3;o suficientes para afastar a exist&#xEA;ncia de ocupa&#xE7;&#xE3;o tradicional ind&#xED;gena. Segundo o parecer, os direitos dos povos ind&#xED;genas sobre as terras tradicionalmente ocupadas s&#xE3;o origin&#xE1;rios e anteriores ao reconhecimento estatal. Por isso, a demarca&#xE7;&#xE3;o tem natureza declarat&#xF3;ria, pois reconhece um direito preexistente e n&#xE3;o cria um novo direito.<\/p>\n<p><strong>Nova demarca&#xE7;&#xE3;o<\/strong>&#xA0;&#x2013; O MPF tamb&#xE9;m sustentou que a demarca&#xE7;&#xE3;o da Terra Ind&#xED;gena Kayabi n&#xE3;o configura a amplia&#xE7;&#xE3;o de uma terra ind&#xED;gena j&#xE1; demarcada, situa&#xE7;&#xE3;o que seria proibida pelo Supremo Tribunal Federal, conforme julgamento do caso Raposa Serra do Sol. A demarca&#xE7;&#xE3;o anterior da &#xE1;rea, de 117.246 hectares, foi conclu&#xED;da em 1982, antes da Constitui&#xE7;&#xE3;o de 1988, sem a aplica&#xE7;&#xE3;o dos crit&#xE9;rios constitucionais posteriormente estabelecidos para identifica&#xE7;&#xE3;o e delimita&#xE7;&#xE3;o das terras de ocupa&#xE7;&#xE3;o tradicional. Al&#xE9;m disso, estudos antropol&#xF3;gicos realizados pela Funai apontaram que a demarca&#xE7;&#xE3;o anterior n&#xE3;o abrangia toda a &#xE1;rea tradicionalmente ocupada pelo povo Kayabi.<\/p>\n<p>Segundo o MPF, o procedimento iniciado pela Portaria n&#xBA; 1.149\/2002 constitui uma nova demarca&#xE7;&#xE3;o, fundamentada na identifica&#xE7;&#xE3;o de &#xE1;reas de ocupa&#xE7;&#xE3;o tradicional e n&#xE3;o simples amplia&#xE7;&#xE3;o da terra anteriormente demarcada.<\/p>\n<p>O MPF tamb&#xE9;m contestou a alega&#xE7;&#xE3;o de que os ind&#xED;genas n&#xE3;o ocupavam as &#xE1;reas na &#xE9;poca da promulga&#xE7;&#xE3;o da Constitui&#xE7;&#xE3;o de 1988. O parecer demonstrou que a retirada for&#xE7;ada de uma comunidade n&#xE3;o elimina o car&#xE1;ter tradicional da ocupa&#xE7;&#xE3;o e que os estudos antropol&#xF3;gicos reunidos no processo registram o deslocamento do povo Kayabi diante do avan&#xE7;o de frentes de expans&#xE3;o agropecu&#xE1;ria na regi&#xE3;o. Para o MPF, a aus&#xEA;ncia dos ind&#xED;genas na &#xE1;rea em determinado momento n&#xE3;o poderia ser utilizada como prova de inexist&#xEA;ncia de ocupa&#xE7;&#xE3;o tradicional.<\/p>\n<p>Por fim, o MPF argumentou que a suspens&#xE3;o do procedimento representaria risco maior para o povo Kayabi, ao prolongar a inseguran&#xE7;a territorial, do que para os propriet&#xE1;rios rurais. O parecer ressaltou que a continuidade da suspens&#xE3;o poderia perpetuar uma situa&#xE7;&#xE3;o de conflito com os direitos constitucionais ind&#xED;genas, enquanto eventuais preju&#xED;zos decorrentes do reconhecimento da terra poderiam ser tratados nos termos previstos pela Constitui&#xE7;&#xE3;o.<\/p>\n<p><strong>Fonte:<\/strong> Cidades &#8211; O DOCUMENTO | Confira as principais not\u00edcias de Cuiab\u00e1, Mato Grosso e regi\u00e3o (https:\/\/odocumento.com.br\/justica-rejeita-pedido-de-fazendeiros-de-mt-e-mantem-andamento-da-demarcacao-da-terra-indigena\/)<\/p>\n","protected":false},"excerpt":{"rendered":"<p>O Minist&#xE9;rio P&#xFA;blico Federal (MPF) obteve uma decis&#xE3;o do Tribunal Regional Federal da 1&#xAA; Regi&#xE3;o<\/p>\n","protected":false},"author":2,"featured_media":96064,"comment_status":"open","ping_status":"open","sticky":false,"template":"","format":"standard","meta":{"footnotes":""},"categories":[7],"tags":[],"aioseo_notices":[],"_links":{"self":[{"href":"https:\/\/portalnewsgta.com.br\/index.php\/wp-json\/wp\/v2\/posts\/96063"}],"collection":[{"href":"https:\/\/portalnewsgta.com.br\/index.php\/wp-json\/wp\/v2\/posts"}],"about":[{"href":"https:\/\/portalnewsgta.com.br\/index.php\/wp-json\/wp\/v2\/types\/post"}],"author":[{"embeddable":true,"href":"https:\/\/portalnewsgta.com.br\/index.php\/wp-json\/wp\/v2\/users\/2"}],"replies":[{"embeddable":true,"href":"https:\/\/portalnewsgta.com.br\/index.php\/wp-json\/wp\/v2\/comments?post=96063"}],"version-history":[{"count":0,"href":"https:\/\/portalnewsgta.com.br\/index.php\/wp-json\/wp\/v2\/posts\/96063\/revisions"}],"wp:featuredmedia":[{"embeddable":true,"href":"https:\/\/portalnewsgta.com.br\/index.php\/wp-json\/wp\/v2\/media\/96064"}],"wp:attachment":[{"href":"https:\/\/portalnewsgta.com.br\/index.php\/wp-json\/wp\/v2\/media?parent=96063"}],"wp:term":[{"taxonomy":"category","embeddable":true,"href":"https:\/\/portalnewsgta.com.br\/index.php\/wp-json\/wp\/v2\/categories?post=96063"},{"taxonomy":"post_tag","embeddable":true,"href":"https:\/\/portalnewsgta.com.br\/index.php\/wp-json\/wp\/v2\/tags?post=96063"}],"curies":[{"name":"wp","href":"https:\/\/api.w.org\/{rel}","templated":true}]}}