{"id":96055,"date":"2026-09-02T17:55:38","date_gmt":"2026-09-02T20:55:38","guid":{"rendered":"https:\/\/portalnewsgta.com.br\/index.php\/2026\/09\/02\/ladrao-e-preso-escondido-em-telhado-de-comercio-apos-tentativa-de-furto-em-vg-video\/"},"modified":"2026-09-02T17:55:38","modified_gmt":"2026-09-02T20:55:38","slug":"ladrao-e-preso-escondido-em-telhado-de-comercio-apos-tentativa-de-furto-em-vg-video","status":"publish","type":"post","link":"https:\/\/portalnewsgta.com.br\/index.php\/2026\/09\/02\/ladrao-e-preso-escondido-em-telhado-de-comercio-apos-tentativa-de-furto-em-vg-video\/","title":{"rendered":"Ladr\u00e3o \u00e9 preso escondido em telhado de com\u00e9rcio ap\u00f3s tentativa de furto em VG; v\u00eddeo"},"content":{"rendered":"<p><img decoding=\"async\" src=\"https:\/\/odocumento.com.br\/content\/images\/2026\/09\/c262a047e8023034eddfae8d6d368786.jpg\" alt=\"Ladr&#xE3;o &#xE9; preso escondido em telhado de com&#xE9;rcio ap&#xF3;s tentativa de furto em VG; v&#xED;deo\"><\/p>\n<p>A Guarda Municipal de V&#xE1;rzea Grande localizou, na noite de ter&#xE7;a-feira (1), um homem de 23 anos que tentava se esconder no telhado de um barrac&#xE3;o ap&#xF3;s uma ocorr&#xEA;ncia de furto em um estabelecimento comercial, no bairro Santa Isabel. O suspeito foi detido e encaminhado &#xE0; Central de Flagrantes para as provid&#xEA;ncias cab&#xED;veis.<\/p>\n<p>A ocorr&#xEA;ncia come&#xE7;ou ap&#xF3;s o Centro de Intelig&#xEA;ncia Municipal de Seguran&#xE7;a receber, pelo telefone 153, informa&#xE7;&#xF5;es de que um furto estaria acontecendo em um com&#xE9;rcio localizado na Rua Mar Vermelho, nas proximidades da Avenida J&#xFA;lio Campos. Uma equipe da Guarda Municipal que realizava patrulhamento na regi&#xE3;o foi acionada e seguiu imediatamente para o endere&#xE7;o.<\/p>\n<p>Ao chegar ao local, os agentes foram informados por populares de que o suspeito havia fugido pelos fundos do estabelecimento e pulado muros de im&#xF3;veis vizinhos. Durante a fuga, ele abandonou uma mochila que continha facas e alicates.<\/p>\n<p>As buscas prosseguiram pela regi&#xE3;o e os guardas receberam a informa&#xE7;&#xE3;o de que o homem estaria escondido sobre o telhado de um barrac&#xE3;o. Com o aux&#xED;lio de uma escada, a equipe conseguiu acessar o local e localizar o suspeito, que foi detido.<\/p>\n<p>Segundo o relato da v&#xED;tima, o estabelecimento j&#xE1; estava fechado quando ela percebeu uma bicicleta estacionada em frente ao im&#xF3;vel. Ao verificar o interior do com&#xE9;rcio, encontrou o homem com pe&#xE7;as de ve&#xED;culos e fios de cobre. Ao perceber que havia sido descoberto, ele fugiu e tentou escapar pulando o muro.<\/p>\n<p>Ap&#xF3;s a localiza&#xE7;&#xE3;o, o suspeito, que possui registros de passagens criminais, foi encaminhado &#xE0; Central de Flagrantes, onde foram adotadas as medidas legais.<\/p>\n<p>A a&#xE7;&#xE3;o destaca a atua&#xE7;&#xE3;o integrada entre o Centro de Intelig&#xEA;ncia Municipal de Seguran&#xE7;a e as equipes de patrulhamento da Guarda Municipal, permitindo uma resposta r&#xE1;pida &#xE0; ocorr&#xEA;ncia e a localiza&#xE7;&#xE3;o do suspeito.<\/p>\n<figure class=\"kg-card kg-video-card kg-width-regular\" data-kg-thumbnail=\"https:\/\/odocumento.com.br\/content\/media\/2026\/09\/WhatsApp-Video-2026-09-02-at-07.51.20_thumb.jpg\" data-kg-custom-thumbnail>\n<div class=\"kg-video-container\">\n                <video src=\"https:\/\/odocumento.com.br\/content\/media\/2026\/09\/WhatsApp-Video-2026-09-02-at-07.51.20.mp4\" poster=\"https:\/\/img.spacergif.org\/v1\/464x832\/0a\/spacer.png\" width=\"464\" height=\"832\" playsinline preload=\"metadata\" style=\") 50% 50% \/ cover no-repeat\"><\/video><\/p>\n<div class=\"kg-video-overlay\">\n                    <button class=\"kg-video-large-play-icon\" aria-label=\"Play video\"><\/p>\n<p>                    <\/button>\n                <\/div>\n<div class=\"kg-video-player-container\">\n<div class=\"kg-video-player\">\n                        <button class=\"kg-video-play-icon\" aria-label=\"Play video\"><\/p>\n<p>                        <\/button><br \/>\n                        <button class=\"kg-video-pause-icon kg-video-hide\" aria-label=\"Pause video\"><\/p>\n<p>                        <\/button><br \/>\n                        <span class=\"kg-video-current-time\">0:00<\/span><\/p>\n<div class=\"kg-video-time\">\n                            \/<span class=\"kg-video-duration\">0:34<\/span>\n                        <\/div>\n<p>                        <button class=\"kg-video-playback-rate\" aria-label=\"Adjust playback speed\">1&#xD7;<\/button><br \/>\n                        <button class=\"kg-video-unmute-icon\" aria-label=\"Unmute\"><\/p>\n<p>                        <\/button><br \/>\n                        <button class=\"kg-video-mute-icon kg-video-hide\" aria-label=\"Mute\"><\/p>\n<p>                        <\/button><\/p><\/div>\n<\/p><\/div>\n<\/p><\/div>\n<\/figure>\n<p><strong>Fonte:<\/strong> Policial &#8211; O DOCUMENTO | Confira as principais not\u00edcias de Cuiab\u00e1, Mato Grosso e regi\u00e3o (https:\/\/odocumento.com.br\/ladrao-e-preso-escondido-em-telhado-de-comercio-apos-tentativa-de-furto-em-vg-video\/)<\/p>\n","protected":false},"excerpt":{"rendered":"<p>A Guarda Municipal de V&#xE1;rzea Grande localizou, na noite de ter&#xE7;a-feira (1), um homem de<\/p>\n","protected":false},"author":2,"featured_media":96056,"comment_status":"open","ping_status":"open","sticky":false,"template":"","format":"standard","meta":{"footnotes":""},"categories":[8],"tags":[],"aioseo_notices":[],"_links":{"self":[{"href":"https:\/\/portalnewsgta.com.br\/index.php\/wp-json\/wp\/v2\/posts\/96055"}],"collection":[{"href":"https:\/\/portalnewsgta.com.br\/index.php\/wp-json\/wp\/v2\/posts"}],"about":[{"href":"https:\/\/portalnewsgta.com.br\/index.php\/wp-json\/wp\/v2\/types\/post"}],"author":[{"embeddable":true,"href":"https:\/\/portalnewsgta.com.br\/index.php\/wp-json\/wp\/v2\/users\/2"}],"replies":[{"embeddable":true,"href":"https:\/\/portalnewsgta.com.br\/index.php\/wp-json\/wp\/v2\/comments?post=96055"}],"version-history":[{"count":0,"href":"https:\/\/portalnewsgta.com.br\/index.php\/wp-json\/wp\/v2\/posts\/96055\/revisions"}],"wp:featuredmedia":[{"embeddable":true,"href":"https:\/\/portalnewsgta.com.br\/index.php\/wp-json\/wp\/v2\/media\/96056"}],"wp:attachment":[{"href":"https:\/\/portalnewsgta.com.br\/index.php\/wp-json\/wp\/v2\/media?parent=96055"}],"wp:term":[{"taxonomy":"category","embeddable":true,"href":"https:\/\/portalnewsgta.com.br\/index.php\/wp-json\/wp\/v2\/categories?post=96055"},{"taxonomy":"post_tag","embeddable":true,"href":"https:\/\/portalnewsgta.com.br\/index.php\/wp-json\/wp\/v2\/tags?post=96055"}],"curies":[{"name":"wp","href":"https:\/\/api.w.org\/{rel}","templated":true}]}}