{"id":96053,"date":"2026-09-02T17:55:37","date_gmt":"2026-09-02T20:55:37","guid":{"rendered":"https:\/\/portalnewsgta.com.br\/index.php\/2026\/09\/02\/policia-civil-prende-autor-de-furto-em-loja-de-calcados-ocorrido-de-madrugada\/"},"modified":"2026-09-02T17:55:37","modified_gmt":"2026-09-02T20:55:37","slug":"policia-civil-prende-autor-de-furto-em-loja-de-calcados-ocorrido-de-madrugada","status":"publish","type":"post","link":"https:\/\/portalnewsgta.com.br\/index.php\/2026\/09\/02\/policia-civil-prende-autor-de-furto-em-loja-de-calcados-ocorrido-de-madrugada\/","title":{"rendered":"Pol\u00edcia Civil prende autor de furto em loja de cal\u00e7ados ocorrido de madrugada"},"content":{"rendered":"<p><img decoding=\"async\" src=\"https:\/\/odocumento.com.br\/content\/images\/2026\/09\/images-2.jpg\" alt=\"Pol&#xED;cia Civil prende autor de furto em loja de cal&#xE7;ados ocorrido de madrugada\"><\/p>\n<p>Um homem, identificado como autor de um furto em uma loja de roupas e cal&#xE7;ados localizada na regi&#xE3;o central de V&#xE1;rzea Grande, foi preso em flagrante pela Pol&#xED;cia Civil, nesta quarta-feira (2), em a&#xE7;&#xE3;o realizada pelos policiais da Delegacia Especializada de Roubos e Furtos do munic&#xED;pio (Derf-VG).<\/p>\n<p>O suspeito, de 46 anos, foi autuado em flagrante pelos crimes de furto qualificado pela destrui&#xE7;&#xE3;o de obst&#xE1;culo e resist&#xEA;ncia.<\/p>\n<p>O crime ocorreu durante a madrugada em um estabelecimento comercial localizado na Avenida Filinto M&#xFC;ller, regi&#xE3;o central de V&#xE1;rzea Grande. Para praticar o furto, &#xA0;o suspeito arrombou o cadeado e quebrou a porta de vidro da loja para entrar no local, de onde subtraiu R$ 85 em dinheiro, um par de t&#xEA;nis e um aparelho celular utilizado pela empresa.<\/p>\n<p>O preju&#xED;zo provocado pelo arrombamento e pela quebra do vidro foi estimado pela v&#xED;tima em mais de R$ 2 mil. Assim que tomou conhecimento do crime, a equipe da Derf-VG iniciou dilig&#xEA;ncias para identificar e localizar o autor. Durante as buscas na regi&#xE3;o, os policiais visualizaram um homem que utilizava um t&#xEA;nis semelhante ao produto furtado.<\/p>\n<p>Ao ser abordado pelos policiais, o suspeito informou que encontrou o cal&#xE7;ado em um terreno baldio. Entretanto, ap&#xF3;s a verifica&#xE7;&#xE3;o, os policiais constataram que se tratava do mesmo t&#xEA;nis levado da loja durante o furto. O propriet&#xE1;rio do estabelecimento foi acionado e reconheceu o cal&#xE7;ado como sendo o produto subtra&#xED;do.<\/p>\n<p>Diante da situa&#xE7;&#xE3;o de flagrante, os policiais deram voz de pris&#xE3;o ao suspeito, que tentou resistir a pris&#xE3;o, por&#xE9;m foi contido.&#xA0; Ele foi conduzido &#xE0; delegacia, onde ap&#xF3;s ser interrogado, foi autuado em flagrante pelo crime de furto qualificado e por resist&#xEA;ncia. Ap&#xF3;s a lavratura do flagrante, o suspeito foi encaminhado para audi&#xEA;ncia de cust&#xF3;dia, ficando &#xE0; disposi&#xE7;&#xE3;o da Justi&#xE7;a.<\/p>\n<p><strong>Fonte:<\/strong> Policial &#8211; O DOCUMENTO | Confira as principais not\u00edcias de Cuiab\u00e1, Mato Grosso e regi\u00e3o (https:\/\/odocumento.com.br\/policia-civil-prende-autor-de-furto-em-loja-de-calcados-ocorrido-de-madrugada\/)<\/p>\n","protected":false},"excerpt":{"rendered":"<p>Um homem, identificado como autor de um furto em uma loja de roupas e cal&#xE7;ados<\/p>\n","protected":false},"author":2,"featured_media":96054,"comment_status":"open","ping_status":"open","sticky":false,"template":"","format":"standard","meta":{"footnotes":""},"categories":[8],"tags":[],"aioseo_notices":[],"_links":{"self":[{"href":"https:\/\/portalnewsgta.com.br\/index.php\/wp-json\/wp\/v2\/posts\/96053"}],"collection":[{"href":"https:\/\/portalnewsgta.com.br\/index.php\/wp-json\/wp\/v2\/posts"}],"about":[{"href":"https:\/\/portalnewsgta.com.br\/index.php\/wp-json\/wp\/v2\/types\/post"}],"author":[{"embeddable":true,"href":"https:\/\/portalnewsgta.com.br\/index.php\/wp-json\/wp\/v2\/users\/2"}],"replies":[{"embeddable":true,"href":"https:\/\/portalnewsgta.com.br\/index.php\/wp-json\/wp\/v2\/comments?post=96053"}],"version-history":[{"count":0,"href":"https:\/\/portalnewsgta.com.br\/index.php\/wp-json\/wp\/v2\/posts\/96053\/revisions"}],"wp:featuredmedia":[{"embeddable":true,"href":"https:\/\/portalnewsgta.com.br\/index.php\/wp-json\/wp\/v2\/media\/96054"}],"wp:attachment":[{"href":"https:\/\/portalnewsgta.com.br\/index.php\/wp-json\/wp\/v2\/media?parent=96053"}],"wp:term":[{"taxonomy":"category","embeddable":true,"href":"https:\/\/portalnewsgta.com.br\/index.php\/wp-json\/wp\/v2\/categories?post=96053"},{"taxonomy":"post_tag","embeddable":true,"href":"https:\/\/portalnewsgta.com.br\/index.php\/wp-json\/wp\/v2\/tags?post=96053"}],"curies":[{"name":"wp","href":"https:\/\/api.w.org\/{rel}","templated":true}]}}