{"id":96033,"date":"2026-09-02T15:56:05","date_gmt":"2026-09-02T18:56:05","guid":{"rendered":"https:\/\/portalnewsgta.com.br\/index.php\/2026\/09\/02\/e-o-que-doi-no-dia-a-dia-diz-michelly-ao-defender-solucao-para-falta-de-agua-em-vg\/"},"modified":"2026-09-02T15:56:05","modified_gmt":"2026-09-02T18:56:05","slug":"e-o-que-doi-no-dia-a-dia-diz-michelly-ao-defender-solucao-para-falta-de-agua-em-vg","status":"publish","type":"post","link":"https:\/\/portalnewsgta.com.br\/index.php\/2026\/09\/02\/e-o-que-doi-no-dia-a-dia-diz-michelly-ao-defender-solucao-para-falta-de-agua-em-vg\/","title":{"rendered":"\u201c\u00c9 o que d\u00f3i no dia a dia\u201d, diz Michelly ao defender solu\u00e7\u00e3o para falta de \u00e1gua em VG"},"content":{"rendered":"<p><img decoding=\"async\" src=\"https:\/\/odocumento.com.br\/content\/images\/2026\/09\/7659e3ce-e645-4d75-9863-2fc13e292eac.jpg\" alt=\"&#x201C;&#xC9; o que d&#xF3;i no dia a dia&#x201D;, diz Michelly ao defender solu&#xE7;&#xE3;o para falta de &#xE1;gua em VG\"><\/p>\n<p><strong><em>Assessoria<\/em><\/strong> &#8211; A vereadora e candidata a deputada estadual Michelly Alencar (Uni&#xE3;o Brasil) colocou a crise no abastecimento de &#xE1;gua como uma das principais prioridades de sua atua&#xE7;&#xE3;o em V&#xE1;rzea Grande e afirmou que pretende participar diretamente da articula&#xE7;&#xE3;o por uma solu&#xE7;&#xE3;o definitiva para o problema hist&#xF3;rico enfrentado pelos moradores. A declara&#xE7;&#xE3;o foi feita na noite desta ter&#xE7;a-feira (1), durante entrevista ao podcast do portal <strong>O Empallador<\/strong>.<\/p>\n<p>Ao ser questionada sobre quais a&#xE7;&#xF5;es pretende desenvolver para V&#xE1;rzea Grande caso seja eleita para a Assembleia Legislativa, Michelly avaliou que o maior impacto imediato na vida da popula&#xE7;&#xE3;o ainda &#xE9; garantir &#xE1;gua nas torneiras. &#x201C;Eu poderia falar de muitos projetos aqui para V&#xE1;rzea Grande, v&#xE1;rios que a gente j&#xE1; tem pensado para VG. Mas hoje, o que d&#xF3;i no dia a dia? A &#xE1;gua&#x201D;, afirmou.<\/p>\n<p>A manifesta&#xE7;&#xE3;o ocorre em meio a uma das mais graves discuss&#xF5;es dos &#xFA;ltimos anos sobre o sistema de abastecimento do munic&#xED;pio. Em agosto, durante a atualiza&#xE7;&#xE3;o do Plano Municipal de Saneamento B&#xE1;sico, diagn&#xF3;stico apresentado em audi&#xEA;ncia p&#xFA;blica apontou perdas de at&#xE9; 60% da &#xE1;gua na rede de distribui&#xE7;&#xE3;o e estimou em at&#xE9; R$ 1,3 bilh&#xE3;o os investimentos necess&#xE1;rios para regularizar o sistema.<\/p>\n<p>A gravidade da situa&#xE7;&#xE3;o tamb&#xE9;m levou V&#xE1;rzea Grande a decretar emerg&#xEA;ncia por estiagem, medida posteriormente homologada pelo Governo do Estado. Paralelamente, Estado, Prefeitura, Minist&#xE9;rio P&#xFA;blico, Tribunal de Contas e DAE passaram a atuar no programa Alian&#xE7;a pela &#xC1;gua, que prev&#xEA; interven&#xE7;&#xF5;es para recuperar e ampliar a capacidade do sistema.<\/p>\n<p>Em entrevista, Michelly declarou apoio ao governador Otaviano Pivetta (Republicanos) e disse que a decis&#xE3;o tamb&#xE9;m passa pelo compromisso assumido por ele de enfrentar a crise h&#xED;drica de V&#xE1;rzea Grande. &#x201C;Hoje ele &#xE9; o &#xFA;nico que bate no peito e fala: &#x2018;Eu vou resolver o problema da &#xE1;gua&#x2019;&#x201D;, disse.<\/p>\n<p>Michelly relatou ainda uma conversa particular que teve com Pivetta ap&#xF3;s uma visita dele a V&#xE1;rzea Grande. Segundo a candidata, o governador contou ter conhecido uma moradora de 80 anos que ainda convivia com a falta de &#xE1;gua em casa.<\/p>\n<p>&#x201C;Ele olhou no meu olho e falou: &#x2018;Eu vou resolver o problema da &#xE1;gua em V&#xE1;rzea Grande, porque essa vai ser uma miss&#xE3;o de vida&#x2019;. Ent&#xE3;o, pela primeira vez, eu senti em uma pessoa um compromisso muito maior que um palanque&#x201D;, relatou.<\/p>\n<p>O programa Alian&#xE7;a pela &#xC1;gua prev&#xEA; investimentos iniciais de aproximadamente R$ 60 milh&#xF5;es para recuperar a infraestrutura de abastecimento. Entre as primeiras medidas anunciadas est&#xE1; a reativa&#xE7;&#xE3;o de tr&#xEA;s po&#xE7;os, que, segundo o DAE-VG, acrescentaram mais de 1,5 milh&#xE3;o de litros de &#xE1;gua por dia ao sistema.<\/p>\n<p>Para Michelly, por&#xE9;m, a dimens&#xE3;o da crise pode ser percebida principalmente na rotina de quem mora ou mant&#xE9;m um neg&#xF3;cio na cidade. A candidata contou ter visitado, pouco antes da entrevista, a nova sede da empresa de um conhecido na Avenida Couto Magalh&#xE3;es e ouvido dele que a falta de &#xE1;gua estava comprometendo at&#xE9; mesmo o funcionamento do estabelecimento. &#x201C;Ele falou: &#x2018;Michelly, o que eu fa&#xE7;o? N&#xE3;o tem &#xE1;gua&#x2019;. [&#8230;] Um monte de homem trabalhando na empresa, n&#xE3;o tem &#xE1;gua no banheiro&#x201D;, contou.<\/p>\n<p>Segundo ela, o empres&#xE1;rio precisava criar alternativas para conseguir manter a atividade funcionando diante da dificuldade de abastecimento.<\/p>\n<p>A candidata afirmou que pretende usar um eventual mandato na Assembleia Legislativa para atuar em conjunto com o Executivo e acompanhar as medidas destinadas a solucionar o problema. &#x201C;Eu tenho esse compromisso de poder tamb&#xE9;m ser uma agente envolvida nas quest&#xF5;es da resolu&#xE7;&#xE3;o desse problema hist&#xF3;rico&#x201D;, declarou.<\/p>\n<p><strong>Fonte:<\/strong> Pol\u00edtica &#8211; O DOCUMENTO | Confira as principais not\u00edcias de Cuiab\u00e1, Mato Grosso e regi\u00e3o (https:\/\/odocumento.com.br\/e-o-que-doi-no-dia-a-dia-diz-michelly-ao-defender-solucao-para-falta-de-agua-em-vg\/)<\/p>\n","protected":false},"excerpt":{"rendered":"<p>Assessoria &#8211; A vereadora e candidata a deputada estadual Michelly Alencar (Uni&#xE3;o Brasil) colocou a<\/p>\n","protected":false},"author":2,"featured_media":96034,"comment_status":"open","ping_status":"open","sticky":false,"template":"","format":"standard","meta":{"footnotes":""},"categories":[2],"tags":[],"aioseo_notices":[],"_links":{"self":[{"href":"https:\/\/portalnewsgta.com.br\/index.php\/wp-json\/wp\/v2\/posts\/96033"}],"collection":[{"href":"https:\/\/portalnewsgta.com.br\/index.php\/wp-json\/wp\/v2\/posts"}],"about":[{"href":"https:\/\/portalnewsgta.com.br\/index.php\/wp-json\/wp\/v2\/types\/post"}],"author":[{"embeddable":true,"href":"https:\/\/portalnewsgta.com.br\/index.php\/wp-json\/wp\/v2\/users\/2"}],"replies":[{"embeddable":true,"href":"https:\/\/portalnewsgta.com.br\/index.php\/wp-json\/wp\/v2\/comments?post=96033"}],"version-history":[{"count":0,"href":"https:\/\/portalnewsgta.com.br\/index.php\/wp-json\/wp\/v2\/posts\/96033\/revisions"}],"wp:featuredmedia":[{"embeddable":true,"href":"https:\/\/portalnewsgta.com.br\/index.php\/wp-json\/wp\/v2\/media\/96034"}],"wp:attachment":[{"href":"https:\/\/portalnewsgta.com.br\/index.php\/wp-json\/wp\/v2\/media?parent=96033"}],"wp:term":[{"taxonomy":"category","embeddable":true,"href":"https:\/\/portalnewsgta.com.br\/index.php\/wp-json\/wp\/v2\/categories?post=96033"},{"taxonomy":"post_tag","embeddable":true,"href":"https:\/\/portalnewsgta.com.br\/index.php\/wp-json\/wp\/v2\/tags?post=96033"}],"curies":[{"name":"wp","href":"https:\/\/api.w.org\/{rel}","templated":true}]}}