{"id":96025,"date":"2026-09-02T14:55:57","date_gmt":"2026-09-02T17:55:57","guid":{"rendered":"https:\/\/portalnewsgta.com.br\/index.php\/2026\/09\/02\/frente-fria-e-calor-intenso-devem-causar-temporais-com-raios-e-ventos-de-ate-90-km-h-em-mt\/"},"modified":"2026-09-02T14:55:57","modified_gmt":"2026-09-02T17:55:57","slug":"frente-fria-e-calor-intenso-devem-causar-temporais-com-raios-e-ventos-de-ate-90-km-h-em-mt","status":"publish","type":"post","link":"https:\/\/portalnewsgta.com.br\/index.php\/2026\/09\/02\/frente-fria-e-calor-intenso-devem-causar-temporais-com-raios-e-ventos-de-ate-90-km-h-em-mt\/","title":{"rendered":"Frente fria e calor intenso devem causar temporais com raios e ventos de at\u00e9 90 km\/h em MT"},"content":{"rendered":"<p><img decoding=\"async\" src=\"https:\/\/odocumento.com.br\/content\/images\/2026\/09\/cd89d8db71426af3bdb921415bb2870d.jpg\" alt=\"Frente fria e calor intenso devem causar temporais com raios e ventos de at&#xE9; 90 km\/h em MT\"><\/p>\n<p>Mato Grosso deve ter uma semana marcada por mudan&#xE7;as nas condi&#xE7;&#xF5;es do tempo, com possibilidade de chuva, descargas atmosf&#xE9;ricas e ventos fortes em diferentes regi&#xF5;es do estado. <\/p>\n<p>De acordo com a previs&#xE3;o meteorol&#xF3;gica, a influ&#xEA;ncia de uma frente fria que atingiu o estado nesta ter&#xE7;a-feira (1), aumentou a nebulosidade e a possibilidade de chuva leve a moderada no centro-sul de Mato Grosso, principalmente na regi&#xE3;o de Rondon&#xF3;polis.<\/p>\n<p>As rajadas de vento podem variar entre 30 e 55 km\/h, especialmente na regional Rondon&#xF3;polis, e a chuva pode vir acompanhada de descargas atmosf&#xE9;ricas. J&#xE1; na regi&#xE3;o de Barra do Gar&#xE7;as, as temperaturas devem permanecer acima da m&#xE9;dia, contribuindo para o aumento do consumo de energia e, consequentemente, da carga sobre a rede el&#xE9;trica. Em Cuiab&#xE1;, a temperatura m&#xE1;xima prevista &#xE9; de aproximadamente 35&#xB0;C.<\/p>\n<p>A tend&#xEA;ncia &#xE9; de que a chuva avance para a regi&#xE3;o central do estado nesta quarta-feira (2) e ocorra de forma mais isolada nos dias seguintes. A partir de sexta-feira (4), a passagem de uma nova frente fria deve aumentar a possibilidade de temporais, raios e rajadas de vento que podem chegar a 90 km\/h, com aten&#xE7;&#xE3;o especial para as regi&#xF5;es de Barra do Gar&#xE7;as, C&#xE1;ceres e Metropolitana.<\/p>\n<p>Para a Energisa, as condi&#xE7;&#xF5;es meteorol&#xF3;gicas exigem aten&#xE7;&#xE3;o tanto das equipes que atuam em campo quanto da popula&#xE7;&#xE3;o.<\/p>\n<p>Chuvas intensas, descargas atmosf&#xE9;ricas e ventos fortes podem provocar quedas de &#xE1;rvores, lan&#xE7;amento de objetos sobre a rede, rompimento de cabos e outros danos &#xE0; infraestrutura el&#xE9;trica.<\/p>\n<p>&#x201C;As condi&#xE7;&#xF5;es clim&#xE1;ticas podem provocar ocorr&#xEA;ncias na rede el&#xE9;trica, principalmente durante temporais, com a possibilidade de queda de &#xE1;rvores, objetos sobre a rede, rompimento de cabos e danos &#xE0; estrutura. Nesses casos, nossas equipes s&#xE3;o mobilizadas para atuar com seguran&#xE7;a e restabelecer o fornecimento o mais r&#xE1;pido poss&#xED;vel. A popula&#xE7;&#xE3;o tamb&#xE9;m tem um papel fundamental, evitando qualquer aproxima&#xE7;&#xE3;o de estruturas danificadas e comunicando imediatamente a Energisa&#x201D;, orienta o coordenador do Centro de Opera&#xE7;&#xE3;o da Energisa MT, Murilo Castilho.<\/p>\n<p><strong>Calor tamb&#xE9;m exige aten&#xE7;&#xE3;o<\/strong><\/p>\n<p>Al&#xE9;m dos temporais, as altas temperaturas previstas para algumas regi&#xF5;es do estado tamb&#xE9;m podem influenciar o sistema el&#xE9;trico. O calor intenso costuma aumentar o uso de equipamentos como aparelhos de ar-condicionado, ventiladores e refrigeradores, elevando o consumo de energia, especialmente nos hor&#xE1;rios de maior demanda.<\/p>\n<p>Por isso, a Energisa recomenda que os consumidores utilizem a energia de forma consciente e evitem sobrecarregar as instala&#xE7;&#xF5;es el&#xE9;tricas. Equipamentos de alta pot&#xEA;ncia, como ar-condicionado, chuveiro el&#xE9;trico e ferro de passar, devem ser utilizados com aten&#xE7;&#xE3;o e, sempre que poss&#xED;vel, de forma alternada.<\/p>\n<p><strong>Seguran&#xE7;a em primeiro lugar durante os temporais<\/strong><\/p>\n<p>Durante a ocorr&#xEA;ncia de raios, ventos fortes e chuvas intensas, alguns cuidados s&#xE3;o fundamentais para evitar acidentes:<\/p>\n<p>&#x2022; Nunca se aproxime de fios partidos ou estruturas da rede el&#xE9;trica danificadas, mesmo que pare&#xE7;am estar sem energia;<\/p>\n<p>&#x2022; Em caso de queda de &#xE1;rvore sobre a rede el&#xE9;trica, mantenha dist&#xE2;ncia e n&#xE3;o tente retirar galhos ou objetos;<\/p>\n<p>&#x2022; Durante tempestades com raios, evite utilizar equipamentos el&#xE9;tricos conectados &#xE0; tomada;<\/p>\n<p>&#x2022; N&#xE3;o realize servi&#xE7;os em telhados, fachadas ou locais pr&#xF3;ximos &#xE0; rede el&#xE9;trica durante per&#xED;odos de chuva ou ventos fortes;<\/p>\n<p>&#x2022; N&#xE3;o empine pipas ou solte objetos pr&#xF3;ximos &#xE0; rede el&#xE9;trica;<\/p>\n<p>&#x2022; Em caso de alagamento, desligue o disjuntor geral da resid&#xEA;ncia se for poss&#xED;vel fazer isso com seguran&#xE7;a e sem entrar em contato com &#xE1;reas molhadas;<\/p>\n<p>&#x2022; Ao presenciar um cabo rompido, mantenha dist&#xE2;ncia, impe&#xE7;a que outras pessoas se aproximem e comunique imediatamente a Energisa pelos canais oficiais de atendimento.<\/p>\n<p>&#x201C;A principal recomenda&#xE7;&#xE3;o &#xE9;, em caso de temporal, mantenha dist&#xE2;ncia da rede el&#xE9;trica e nunca toque em cabos que tenham ca&#xED;do no ch&#xE3;o. Mesmo que n&#xE3;o haja fa&#xED;sca ou sinal aparente de energia, o fio pode estar energizado e oferecer risco de choque el&#xE9;trico&#x201D; refor&#xE7;a o coordenador.<\/p>\n<p><strong>Fonte:<\/strong> Cidades &#8211; O DOCUMENTO | Confira as principais not\u00edcias de Cuiab\u00e1, Mato Grosso e regi\u00e3o (https:\/\/odocumento.com.br\/frente-fria-e-calor-intenso-devem-causar-temporais-com-raios-e-ventos-de-ate-90-km-h-em-mato-grosso\/)<\/p>\n","protected":false},"excerpt":{"rendered":"<p>Mato Grosso deve ter uma semana marcada por mudan&#xE7;as nas condi&#xE7;&#xF5;es do tempo, com possibilidade<\/p>\n","protected":false},"author":2,"featured_media":96026,"comment_status":"open","ping_status":"open","sticky":false,"template":"","format":"standard","meta":{"footnotes":""},"categories":[7],"tags":[],"aioseo_notices":[],"_links":{"self":[{"href":"https:\/\/portalnewsgta.com.br\/index.php\/wp-json\/wp\/v2\/posts\/96025"}],"collection":[{"href":"https:\/\/portalnewsgta.com.br\/index.php\/wp-json\/wp\/v2\/posts"}],"about":[{"href":"https:\/\/portalnewsgta.com.br\/index.php\/wp-json\/wp\/v2\/types\/post"}],"author":[{"embeddable":true,"href":"https:\/\/portalnewsgta.com.br\/index.php\/wp-json\/wp\/v2\/users\/2"}],"replies":[{"embeddable":true,"href":"https:\/\/portalnewsgta.com.br\/index.php\/wp-json\/wp\/v2\/comments?post=96025"}],"version-history":[{"count":0,"href":"https:\/\/portalnewsgta.com.br\/index.php\/wp-json\/wp\/v2\/posts\/96025\/revisions"}],"wp:featuredmedia":[{"embeddable":true,"href":"https:\/\/portalnewsgta.com.br\/index.php\/wp-json\/wp\/v2\/media\/96026"}],"wp:attachment":[{"href":"https:\/\/portalnewsgta.com.br\/index.php\/wp-json\/wp\/v2\/media?parent=96025"}],"wp:term":[{"taxonomy":"category","embeddable":true,"href":"https:\/\/portalnewsgta.com.br\/index.php\/wp-json\/wp\/v2\/categories?post=96025"},{"taxonomy":"post_tag","embeddable":true,"href":"https:\/\/portalnewsgta.com.br\/index.php\/wp-json\/wp\/v2\/tags?post=96025"}],"curies":[{"name":"wp","href":"https:\/\/api.w.org\/{rel}","templated":true}]}}