{"id":95937,"date":"2026-09-01T20:56:02","date_gmt":"2026-09-01T23:56:02","guid":{"rendered":"https:\/\/portalnewsgta.com.br\/index.php\/2026\/09\/01\/ministerio-publico-empossa-novo-procurador-de-justica-em-mato-grosso\/"},"modified":"2026-09-01T20:56:02","modified_gmt":"2026-09-01T23:56:02","slug":"ministerio-publico-empossa-novo-procurador-de-justica-em-mato-grosso","status":"publish","type":"post","link":"https:\/\/portalnewsgta.com.br\/index.php\/2026\/09\/01\/ministerio-publico-empossa-novo-procurador-de-justica-em-mato-grosso\/","title":{"rendered":"Minist\u00e9rio P\u00fablico empossa novo procurador de Justi\u00e7a em Mato Grosso"},"content":{"rendered":"<p><img decoding=\"async\" src=\"https:\/\/odocumento.com.br\/content\/images\/2026\/09\/2--4-.png\" alt=\"Minist&#xE9;rio P&#xFA;blico empossa novo procurador de Justi&#xE7;a em Mato Grosso\"><\/p>\n<p>Aur&#xE9;lio Ren&#xE9; Arrais tomou posse no cargo de procurador de Justi&#xE7;a do Minist&#xE9;rio P&#xFA;blico do Estado de Mato Grosso (MPMT) nesta ter&#xE7;a-feira (1), em cerim&#xF4;nia realizada no gabinete do procurador-geral de Justi&#xE7;a, na sede da Procuradoria-Geral de Justi&#xE7;a, em Cuiab&#xE1;.&#xA0;&#xA0;&#xA0;<\/p>\n<p>O referendo pelo egr&#xE9;gio Col&#xE9;gio de Procuradores de Justi&#xE7;a ocorrer&#xE1; na quinta-feira (3), e o ato solene de posse ser&#xE1; realizado em data a ser definida.&#xA0;O novo procurador assumir&#xE1; a 17&#xAA; Procuradoria de Justi&#xE7;a (C&#xED;vel). A promo&#xE7;&#xE3;o foi concedida por unanimidade, pelo crit&#xE9;rio de antiguidade. &#x202F;&#xA0;&#xA0;<\/p>\n<p>Com quase 30 anos de atua&#xE7;&#xE3;o no Minist&#xE9;rio P&#xFA;blico de Mato Grosso, Aur&#xE9;lio Ren&#xE9; Arrais alcan&#xE7;a o &#xFA;ltimo n&#xED;vel da carreira ministerial ap&#xF3;s uma trajet&#xF3;ria marcada pela atua&#xE7;&#xE3;o em diversas comarcas do estado.&#xA0;&#xA0;&#xA0;<\/p>\n<p>O novo procurador ingressou na institui&#xE7;&#xE3;o em 1995, com atua&#xE7;&#xE3;o inicial nas comarcas de Peixoto de Azevedo e Col&#xED;der. Posteriormente, foi promovido para Sinop, onde permaneceu por um ano, seguindo depois para C&#xE1;ceres. Durante esse per&#xED;odo, tamb&#xE9;m respondeu pela comarca de Rio Branco. Em dezembro de 2003, foi promovido para Cuiab&#xE1;, onde permaneceu exercendo suas fun&#xE7;&#xF5;es at&#xE9; a posse como procurador de Justi&#xE7;a.&#xA0;&#xA0;<\/p>\n<p>Durante a solenidade, Aur&#xE9;lio Ren&#xE9; Arrais destacou que assume a nova miss&#xE3;o com o mesmo entusiasmo que o acompanhou desde o in&#xED;cio da carreira.&#xA0;&#xA0;<\/p>\n<p>&#x201C;&#xC9; a mesma determina&#xE7;&#xE3;o. Com os mesmos prop&#xF3;sitos do Minist&#xE9;rio P&#xFA;blico de servir a sociedade, com os mesmos ideais de quando eu ingressei na carreira.&#xA0;Eu acredito que &#xE9; a mesma empolga&#xE7;&#xE3;o de cumprir realmente e respeitar os interesses sociais da Constitui&#xE7;&#xE3;o Federal&#x201D;, afirmou.&#xA0;&#xA0;<\/p>\n<p>O novo integrante da Procuradoria de Justi&#xE7;a foi recepcionado pelo procurador-geral de Justi&#xE7;a e presidente do Col&#xE9;gio de Procuradores de Justi&#xE7;a,&#xA0;Rodrigo Fonseca Costa, que ressaltou a experi&#xEA;ncia acumulada pelo empossado ao longo de tr&#xEA;s d&#xE9;cadas de atua&#xE7;&#xE3;o ministerial.&#xA0;&#xA0;<\/p>\n<p>&#x201C;&#xC9; um momento muito importante para n&#xF3;s. O doutor Aur&#xE9;lio &#xE9; um colega com 30 anos de carreira, que agrega muita experi&#xEA;ncia &#xE0; Procuradoria de Justi&#xE7;a. &#xC9; um promotor que trabalhou praticamente todo o tempo de carreira em Cuiab&#xE1;, na &#xE1;rea c&#xED;vel, possui grande experi&#xEA;ncia em Direito de Fam&#xED;lia, &#xE1;rea em que atuar&#xE1; muito em segundo grau, e traz novamente o nosso quadro completo de procuradores de Justi&#xE7;a&#x201D;, destacou o procurador-geral.&#xA0;&#xA0;<\/p>\n<p>O termo de posse foi assinado pelo procurador-geral de Justi&#xE7;a e presidente do Col&#xE9;gio de Procuradores, Rodrigo Fonseca Costa, pela secret&#xE1;ria do colegiado, procuradora de Justi&#xE7;a Rosana Marra, pelo corregedor-geral do Minist&#xE9;rio P&#xFA;blico, procurador de Justi&#xE7;a Jo&#xE3;o Augusto Veras Gadelha, e pelo&#xA0;empossado.&#xA0;<\/p>\n<p>Tamb&#xE9;m participaram da posse&#xA0;o&#xA0;secret&#xE1;rio-geral do MPMT,&#xA0;procurador de Justi&#xE7;a&#xA0;Adriano Augusto&#xA0;Streicher&#xA0;de Souza,&#xA0;a ouvidora geral do MPMT,&#xA0;procuradora de Justi&#xE7;a&#xA0;Eliana C&#xED;cero de S&#xE1; Maranh&#xE3;o Ayres Campos, o subprocurador-geral de Justi&#xE7;a&#xA0;Jur&#xED;dico e Institucional,&#xA0;procurador de Justi&#xE7;a&#xA0;Marcelo Ferra de Carvalho, o procurador de Justi&#xE7;a&#xA0;Fl&#xE1;vio Cezar&#xA0;Fachone,&#xA0;o procurador de Justi&#xE7;a&#xA0;Roberto Aparecido Turin&#xA0;e familiares do novo procurador.&#xA0;<\/p>\n<p><strong>Fonte:<\/strong> Cidades &#8211; O DOCUMENTO | Confira as principais not\u00edcias de Cuiab\u00e1, Mato Grosso e regi\u00e3o (https:\/\/odocumento.com.br\/ministerio-publico-empossa-novo-procurador-de-justica-em-mato-grosso\/)<\/p>\n","protected":false},"excerpt":{"rendered":"<p>Aur&#xE9;lio Ren&#xE9; Arrais tomou posse no cargo de procurador de Justi&#xE7;a do Minist&#xE9;rio P&#xFA;blico do<\/p>\n","protected":false},"author":2,"featured_media":95938,"comment_status":"open","ping_status":"open","sticky":false,"template":"","format":"standard","meta":{"footnotes":""},"categories":[7],"tags":[],"aioseo_notices":[],"_links":{"self":[{"href":"https:\/\/portalnewsgta.com.br\/index.php\/wp-json\/wp\/v2\/posts\/95937"}],"collection":[{"href":"https:\/\/portalnewsgta.com.br\/index.php\/wp-json\/wp\/v2\/posts"}],"about":[{"href":"https:\/\/portalnewsgta.com.br\/index.php\/wp-json\/wp\/v2\/types\/post"}],"author":[{"embeddable":true,"href":"https:\/\/portalnewsgta.com.br\/index.php\/wp-json\/wp\/v2\/users\/2"}],"replies":[{"embeddable":true,"href":"https:\/\/portalnewsgta.com.br\/index.php\/wp-json\/wp\/v2\/comments?post=95937"}],"version-history":[{"count":0,"href":"https:\/\/portalnewsgta.com.br\/index.php\/wp-json\/wp\/v2\/posts\/95937\/revisions"}],"wp:featuredmedia":[{"embeddable":true,"href":"https:\/\/portalnewsgta.com.br\/index.php\/wp-json\/wp\/v2\/media\/95938"}],"wp:attachment":[{"href":"https:\/\/portalnewsgta.com.br\/index.php\/wp-json\/wp\/v2\/media?parent=95937"}],"wp:term":[{"taxonomy":"category","embeddable":true,"href":"https:\/\/portalnewsgta.com.br\/index.php\/wp-json\/wp\/v2\/categories?post=95937"},{"taxonomy":"post_tag","embeddable":true,"href":"https:\/\/portalnewsgta.com.br\/index.php\/wp-json\/wp\/v2\/tags?post=95937"}],"curies":[{"name":"wp","href":"https:\/\/api.w.org\/{rel}","templated":true}]}}