{"id":95917,"date":"2026-09-01T17:55:49","date_gmt":"2026-09-01T20:55:49","guid":{"rendered":"https:\/\/portalnewsgta.com.br\/index.php\/2026\/09\/01\/seguranca-e-comerciantes-unem-estrategias-para-reforcar-protecao-no-centro\/"},"modified":"2026-09-01T17:55:49","modified_gmt":"2026-09-01T20:55:49","slug":"seguranca-e-comerciantes-unem-estrategias-para-reforcar-protecao-no-centro","status":"publish","type":"post","link":"https:\/\/portalnewsgta.com.br\/index.php\/2026\/09\/01\/seguranca-e-comerciantes-unem-estrategias-para-reforcar-protecao-no-centro\/","title":{"rendered":"Seguran\u00e7a e comerciantes unem estrat\u00e9gias para refor\u00e7ar prote\u00e7\u00e3o no Centro"},"content":{"rendered":"<p><img decoding=\"async\" src=\"https:\/\/odocumento.com.br\/content\/images\/2026\/09\/b63603d5ac14e095c0a0275219e1ce92.jpg\" alt=\"Seguran&#xE7;a e comerciantes unem estrat&#xE9;gias para refor&#xE7;ar prote&#xE7;&#xE3;o no Centro\"><\/p>\n<p>A Guarda Municipal de V&#xE1;rzea Grande reuniu, nesta segunda-feira (31), comerciantes e representantes das for&#xE7;as de seguran&#xE7;a para discutir medidas voltadas ao refor&#xE7;o da prote&#xE7;&#xE3;o na regi&#xE3;o central do munic&#xED;pio. O encontro, realizado na Pra&#xE7;a Aquidaban, na Avenida Couto Magalh&#xE3;es, teve como foco ouvir as demandas do setor comercial e construir estrat&#xE9;gias integradas de preven&#xE7;&#xE3;o e combate &#xE0; criminalidade.<\/p>\n<p>A reuni&#xE3;o contou com a participa&#xE7;&#xE3;o do delegado S&#xE9;rgio Lu&#xED;s Henrique de Almeida, da Delegacia Especializada de Roubos e Furtos (Derf), do major Chauvin, subcomandante do 4&#xBA; Batalh&#xE3;o da Pol&#xED;cia Militar, e do inspetor Juliano Lemos, comandante da Guarda Municipal de V&#xE1;rzea Grande, al&#xE9;m de comerciantes e representantes dos motociclistas que atuam por aplicativos.<\/p>\n<p>Durante o di&#xE1;logo, empres&#xE1;rios relataram situa&#xE7;&#xF5;es enfrentadas diariamente e apontaram locais considerados priorit&#xE1;rios para o refor&#xE7;o da seguran&#xE7;a. Os participantes tamb&#xE9;m destacaram a atua&#xE7;&#xE3;o da Guarda Municipal durante o per&#xED;odo comercial. Segundo os comerciantes, a presen&#xE7;a constante das equipes e as rondas preventivas t&#xEA;m contribu&#xED;do para inibir pequenos delitos e ampliar a sensa&#xE7;&#xE3;o de seguran&#xE7;a na regi&#xE3;o.<\/p>\n<p>Entre as medidas discutidas est&#xE1; a amplia&#xE7;&#xE3;o da ades&#xE3;o ao programa Vigia Mais MT. A proposta &#xE9; fortalecer o videomonitoramento na &#xE1;rea central e ampliar a troca de informa&#xE7;&#xF5;es entre comerciantes e as for&#xE7;as de seguran&#xE7;a.<\/p>\n<p>Para o per&#xED;odo noturno e a madrugada, a Pol&#xED;cia Militar e a Guarda Municipal assumiram o compromisso de refor&#xE7;ar e aperfei&#xE7;oar as rondas preventivas, com aten&#xE7;&#xE3;o especial aos pontos identificados pelos comerciantes como mais vulner&#xE1;veis.<\/p>\n<p>O delegado S&#xE9;rgio Lu&#xED;s Henrique de Almeida tamb&#xE9;m refor&#xE7;ou a necessidade de registrar formalmente todas as ocorr&#xEA;ncias. Conforme destacou, a comunica&#xE7;&#xE3;o r&#xE1;pida dos crimes, inclusive daqueles considerados de menor potencial ofensivo, &#xE9; fundamental para subsidiar investiga&#xE7;&#xF5;es, identificar padr&#xF5;es e permitir que as for&#xE7;as de seguran&#xE7;a direcionem melhor suas a&#xE7;&#xF5;es.<\/p>\n<p>Outro tema abordado foi a presen&#xE7;a de pessoas em situa&#xE7;&#xE3;o de rua na regi&#xE3;o central. Os participantes avaliaram que a quest&#xE3;o exige uma resposta conjunta do poder p&#xFA;blico, envolvendo n&#xE3;o apenas a &#xE1;rea da seguran&#xE7;a, mas tamb&#xE9;m as pol&#xED;ticas de Sa&#xFA;de e Assist&#xEA;ncia Social.<\/p>\n<p>Ao final do encontro, ficou refor&#xE7;ada a import&#xE2;ncia da atua&#xE7;&#xE3;o integrada entre Guarda Municipal, Pol&#xED;cia Militar, Pol&#xED;cia Civil, comerciantes e comunidade. A uni&#xE3;o entre presen&#xE7;a preventiva, tecnologia e compartilhamento de informa&#xE7;&#xF5;es dever&#xE1; nortear as pr&#xF3;ximas a&#xE7;&#xF5;es, com o objetivo de tornar a regi&#xE3;o central de V&#xE1;rzea Grande mais segura para quem trabalha, mora e circula diariamente pelo local.<\/p>\n<p><strong>Fonte:<\/strong> Cidades &#8211; O DOCUMENTO | Confira as principais not\u00edcias de Cuiab\u00e1, Mato Grosso e regi\u00e3o (https:\/\/odocumento.com.br\/seguranca-e-comerciantes-unem-estrategias-para-reforcar-protecao-no-centro\/)<\/p>\n","protected":false},"excerpt":{"rendered":"<p>A Guarda Municipal de V&#xE1;rzea Grande reuniu, nesta segunda-feira (31), comerciantes e representantes das for&#xE7;as<\/p>\n","protected":false},"author":2,"featured_media":95918,"comment_status":"open","ping_status":"open","sticky":false,"template":"","format":"standard","meta":{"footnotes":""},"categories":[7],"tags":[],"aioseo_notices":[],"_links":{"self":[{"href":"https:\/\/portalnewsgta.com.br\/index.php\/wp-json\/wp\/v2\/posts\/95917"}],"collection":[{"href":"https:\/\/portalnewsgta.com.br\/index.php\/wp-json\/wp\/v2\/posts"}],"about":[{"href":"https:\/\/portalnewsgta.com.br\/index.php\/wp-json\/wp\/v2\/types\/post"}],"author":[{"embeddable":true,"href":"https:\/\/portalnewsgta.com.br\/index.php\/wp-json\/wp\/v2\/users\/2"}],"replies":[{"embeddable":true,"href":"https:\/\/portalnewsgta.com.br\/index.php\/wp-json\/wp\/v2\/comments?post=95917"}],"version-history":[{"count":0,"href":"https:\/\/portalnewsgta.com.br\/index.php\/wp-json\/wp\/v2\/posts\/95917\/revisions"}],"wp:featuredmedia":[{"embeddable":true,"href":"https:\/\/portalnewsgta.com.br\/index.php\/wp-json\/wp\/v2\/media\/95918"}],"wp:attachment":[{"href":"https:\/\/portalnewsgta.com.br\/index.php\/wp-json\/wp\/v2\/media?parent=95917"}],"wp:term":[{"taxonomy":"category","embeddable":true,"href":"https:\/\/portalnewsgta.com.br\/index.php\/wp-json\/wp\/v2\/categories?post=95917"},{"taxonomy":"post_tag","embeddable":true,"href":"https:\/\/portalnewsgta.com.br\/index.php\/wp-json\/wp\/v2\/tags?post=95917"}],"curies":[{"name":"wp","href":"https:\/\/api.w.org\/{rel}","templated":true}]}}