{"id":95862,"date":"2026-09-01T11:55:46","date_gmt":"2026-09-01T14:55:46","guid":{"rendered":"https:\/\/portalnewsgta.com.br\/index.php\/2026\/09\/01\/wellington-afirma-que-fara-debate-focado-em-propostas-para-mato-grosso\/"},"modified":"2026-09-01T11:55:46","modified_gmt":"2026-09-01T14:55:46","slug":"wellington-afirma-que-fara-debate-focado-em-propostas-para-mato-grosso","status":"publish","type":"post","link":"https:\/\/portalnewsgta.com.br\/index.php\/2026\/09\/01\/wellington-afirma-que-fara-debate-focado-em-propostas-para-mato-grosso\/","title":{"rendered":"Wellington afirma que far\u00e1 debate focado em propostas para Mato Grosso"},"content":{"rendered":"<p><img decoding=\"async\" src=\"https:\/\/odocumento.com.br\/content\/images\/2026\/09\/021df282-f0cd-4c55-8d72-fc9454f24ea3.jpg\" alt=\"Wellington afirma que far&#xE1; debate focado em propostas para Mato Grosso\"><\/p>\n<p>O candidato ao Governo de Mato Grosso, Wellington Fagundes (PL), chegou na manh&#xE3; desta ter&#xE7;a-feira (1) ao debate da <strong>TV Vila Real<\/strong>, em Cuiab&#xE1;, acompanhado do candidato a vice-governador, Reinaldo Morais (Novo), defendendo uma discuss&#xE3;o centrada em propostas e nos desafios do Estado.<\/p>\n<p>Antes de entrar no est&#xFA;dio, Wellington afirmou que pretende aproveitar o debate para apresentar aos eleitores sua experi&#xEA;ncia de 34 anos de vida p&#xFA;blica e, principalmente, as ideias que pretende colocar em pr&#xE1;tica no Governo do Estado.<\/p>\n<p>&#x201C;Para mim, pol&#xED;tica &#xE9; um sacerd&#xF3;cio. Fa&#xE7;o isso com a maior felicidade, que &#xE9; poder servir &#xE0; popula&#xE7;&#xE3;o, principalmente a popula&#xE7;&#xE3;o que mais precisa. No debate, quero mostrar toda a minha hist&#xF3;ria e buscar sempre a verdade&#x201D;, afirmou.<\/p>\n<p>Wellington disse estar preparado para discutir propostas e apresentar caminhos para Mato Grosso, mantendo como prioridade temas que fazem parte de seu plano de governo, como sa&#xFA;de mais pr&#xF3;xima da popula&#xE7;&#xE3;o, seguran&#xE7;a, infraestrutura, gera&#xE7;&#xE3;o de oportunidades e uma gest&#xE3;o mais presente nos munic&#xED;pios.<\/p>\n<p>Ao comentar o clima mais acirrado dos &#xFA;ltimos encontros entre os candidatos, Wellington afirmou que n&#xE3;o pretende transformar a disputa eleitoral em uma guerra pessoal.<\/p>\n<p>&#x201C;Todos aqueles que tiveram a coragem de participar s&#xE3;o concorrentes. Eu nunca elejo advers&#xE1;rio e muito menos inimigo. Eu n&#xE3;o sou de briga, eu sou de luta&#x201D;, declarou.<\/p>\n<p>Segundo Wellington, sua postura depender&#xE1; tamb&#xE9;m do rumo do debate. &#x201C;Quem quiser fazer um debate de propostas, ser&#xE1; respondido com propostas. Se algu&#xE9;m quiser atacar, a gente vai responder de acordo com o n&#xED;vel&#x201D;.<\/p>\n<figure class=\"kg-card kg-video-card kg-width-regular\" data-kg-thumbnail=\"https:\/\/odocumento.com.br\/content\/media\/2026\/09\/WhatsApp-Video-2026-09-01-at-10.08.47_thumb.jpg\" data-kg-custom-thumbnail>\n<div class=\"kg-video-container\">\n                <video src=\"https:\/\/odocumento.com.br\/content\/media\/2026\/09\/WhatsApp-Video-2026-09-01-at-10.08.47.mp4\" poster=\"https:\/\/img.spacergif.org\/v1\/576x1024\/0a\/spacer.png\" width=\"576\" height=\"1024\" playsinline preload=\"metadata\" style=\") 50% 50% \/ cover no-repeat\"><\/video><\/p>\n<div class=\"kg-video-overlay\">\n                    <button class=\"kg-video-large-play-icon\" aria-label=\"Play video\"><\/p>\n<p>                    <\/button>\n                <\/div>\n<div class=\"kg-video-player-container\">\n<div class=\"kg-video-player\">\n                        <button class=\"kg-video-play-icon\" aria-label=\"Play video\"><\/p>\n<p>                        <\/button><br \/>\n                        <button class=\"kg-video-pause-icon kg-video-hide\" aria-label=\"Pause video\"><\/p>\n<p>                        <\/button><br \/>\n                        <span class=\"kg-video-current-time\">0:00<\/span><\/p>\n<div class=\"kg-video-time\">\n                            \/<span class=\"kg-video-duration\">1:37<\/span>\n                        <\/div>\n<p>                        <button class=\"kg-video-playback-rate\" aria-label=\"Adjust playback speed\">1&#xD7;<\/button><br \/>\n                        <button class=\"kg-video-unmute-icon\" aria-label=\"Unmute\"><\/p>\n<p>                        <\/button><br \/>\n                        <button class=\"kg-video-mute-icon kg-video-hide\" aria-label=\"Mute\"><\/p>\n<p>                        <\/button><\/p><\/div>\n<\/p><\/div>\n<\/p><\/div>\n<\/figure>\n<p><strong>Fonte:<\/strong> Pol\u00edtica &#8211; O DOCUMENTO | Confira as principais not\u00edcias de Cuiab\u00e1, Mato Grosso e regi\u00e3o (https:\/\/odocumento.com.br\/wellington-afirma-que-fara-debate-focado-em-propostas-para-mato-grosso\/)<\/p>\n","protected":false},"excerpt":{"rendered":"<p>O candidato ao Governo de Mato Grosso, Wellington Fagundes (PL), chegou na manh&#xE3; desta ter&#xE7;a-feira<\/p>\n","protected":false},"author":2,"featured_media":95863,"comment_status":"open","ping_status":"open","sticky":false,"template":"","format":"standard","meta":{"footnotes":""},"categories":[2],"tags":[],"aioseo_notices":[],"_links":{"self":[{"href":"https:\/\/portalnewsgta.com.br\/index.php\/wp-json\/wp\/v2\/posts\/95862"}],"collection":[{"href":"https:\/\/portalnewsgta.com.br\/index.php\/wp-json\/wp\/v2\/posts"}],"about":[{"href":"https:\/\/portalnewsgta.com.br\/index.php\/wp-json\/wp\/v2\/types\/post"}],"author":[{"embeddable":true,"href":"https:\/\/portalnewsgta.com.br\/index.php\/wp-json\/wp\/v2\/users\/2"}],"replies":[{"embeddable":true,"href":"https:\/\/portalnewsgta.com.br\/index.php\/wp-json\/wp\/v2\/comments?post=95862"}],"version-history":[{"count":0,"href":"https:\/\/portalnewsgta.com.br\/index.php\/wp-json\/wp\/v2\/posts\/95862\/revisions"}],"wp:featuredmedia":[{"embeddable":true,"href":"https:\/\/portalnewsgta.com.br\/index.php\/wp-json\/wp\/v2\/media\/95863"}],"wp:attachment":[{"href":"https:\/\/portalnewsgta.com.br\/index.php\/wp-json\/wp\/v2\/media?parent=95862"}],"wp:term":[{"taxonomy":"category","embeddable":true,"href":"https:\/\/portalnewsgta.com.br\/index.php\/wp-json\/wp\/v2\/categories?post=95862"},{"taxonomy":"post_tag","embeddable":true,"href":"https:\/\/portalnewsgta.com.br\/index.php\/wp-json\/wp\/v2\/tags?post=95862"}],"curies":[{"name":"wp","href":"https:\/\/api.w.org\/{rel}","templated":true}]}}