{"id":95854,"date":"2026-09-01T09:55:47","date_gmt":"2026-09-01T12:55:47","guid":{"rendered":"https:\/\/portalnewsgta.com.br\/index.php\/2026\/09\/01\/fogo-atinge-morro-e-prefeitura-decreta-situacao-de-emergencia-veja-videos\/"},"modified":"2026-09-01T09:55:47","modified_gmt":"2026-09-01T12:55:47","slug":"fogo-atinge-morro-e-prefeitura-decreta-situacao-de-emergencia-veja-videos","status":"publish","type":"post","link":"https:\/\/portalnewsgta.com.br\/index.php\/2026\/09\/01\/fogo-atinge-morro-e-prefeitura-decreta-situacao-de-emergencia-veja-videos\/","title":{"rendered":"Fogo atinge morro e prefeitura decreta situa\u00e7\u00e3o de emerg\u00eancia; veja v\u00eddeos"},"content":{"rendered":"<p><img decoding=\"async\" src=\"https:\/\/odocumento.com.br\/content\/images\/2026\/09\/dc0e1aad-2c40-45ca-b4f4-4f1c34296139.jpg\" alt=\"Fogo atinge morro e prefeitura decreta situa&#xE7;&#xE3;o de emerg&#xEA;ncia; veja v&#xED;deos\"><\/p>\n<p><strong><em>Conte&#xFA;do\/ODOC <\/em><\/strong>&#8211; Um inc&#xEA;ndio de grandes propor&#xE7;&#xF5;es atingiu o Morro de Santo Ant&#xF4;nio, em Santo Ant&#xF4;nio de Leverger, na noite desta segunda-feira (31). A intensidade das chamas chamou a aten&#xE7;&#xE3;o de moradores da Capital, que conseguiram registrar o fogo mesmo a dezenas de quil&#xF4;metros de dist&#xE2;ncia.<\/p>\n<p>Nas imagens, dois grandes corredores de fogo avan&#xE7;am pela vegeta&#xE7;&#xE3;o do morro e formam uma cena que lembra lava escorrendo pelas encostas de um vulc&#xE3;o em erup&#xE7;&#xE3;o.<\/p>\n<p>A Prefeitura de Santo Ant&#xF4;nio de Leverger decretou situa&#xE7;&#xE3;o de emerg&#xEA;ncia no munic&#xED;pio. A medida tem validade de 90 dias e considera parecer t&#xE9;cnico da Defesa Civil que aponta &#x201C;condi&#xE7;&#xF5;es favor&#xE1;veis &#xE0; propaga&#xE7;&#xE3;o de inc&#xEA;ndios florestais&#x201D;.<\/p>\n<p>Segundo o decreto assinado pela prefeita Francieli Magalh&#xE3;es, est&#xE3;o entre as &#xE1;reas amea&#xE7;adas pelas queimadas as comunidades de Varginha e Altos do Leverger, al&#xE9;m da Fazenda Experimental da Universidade Federal de Mato Grosso (UFMT).<\/p>\n<p>A situa&#xE7;&#xE3;o permite que o Munic&#xED;pio adote medidas emergenciais para enfrentar os inc&#xEA;ndios. A Prefeitura tamb&#xE9;m autorizou a convoca&#xE7;&#xE3;o de volunt&#xE1;rios para refor&#xE7;ar as a&#xE7;&#xF5;es de combate &#xE0;s chamas.O Corpo de Bombeiros n&#xE3;o informou at&#xE9; o momento como est&#xE1; o trabalho no local.<\/p>\n<p>N&#xE3;o h&#xE1; informa&#xE7;&#xF5;es sobre pessoas feridas nem sobre a extens&#xE3;o total da &#xE1;rea atingida no morro. .Tamb&#xE9;m n&#xE3;o foi divulgada a causa do inc&#xEA;ndio.<\/p>\n<p>As circunst&#xE2;ncias que deram in&#xED;cio ao fogo dever&#xE3;o ser apuradas.<\/p>\n<figure class=\"kg-card kg-video-card kg-width-regular\" data-kg-thumbnail=\"https:\/\/odocumento.com.br\/content\/media\/2026\/09\/WhatsApp-Video-2026-09-01-at-07.19.34_thumb.jpg\" data-kg-custom-thumbnail>\n<div class=\"kg-video-container\">\n                <video src=\"https:\/\/odocumento.com.br\/content\/media\/2026\/09\/WhatsApp-Video-2026-09-01-at-07.19.34.mp4\" poster=\"https:\/\/img.spacergif.org\/v1\/480x848\/0a\/spacer.png\" width=\"480\" height=\"848\" playsinline preload=\"metadata\" style=\") 50% 50% \/ cover no-repeat\"><\/video><\/p>\n<div class=\"kg-video-overlay\">\n                    <button class=\"kg-video-large-play-icon\" aria-label=\"Play video\"><\/p>\n<p>                    <\/button>\n                <\/div>\n<div class=\"kg-video-player-container\">\n<div class=\"kg-video-player\">\n                        <button class=\"kg-video-play-icon\" aria-label=\"Play video\"><\/p>\n<p>                        <\/button><br \/>\n                        <button class=\"kg-video-pause-icon kg-video-hide\" aria-label=\"Pause video\"><\/p>\n<p>                        <\/button><br \/>\n                        <span class=\"kg-video-current-time\">0:00<\/span><\/p>\n<div class=\"kg-video-time\">\n                            \/<span class=\"kg-video-duration\">0:18<\/span>\n                        <\/div>\n<p>                        <button class=\"kg-video-playback-rate\" aria-label=\"Adjust playback speed\">1&#xD7;<\/button><br \/>\n                        <button class=\"kg-video-unmute-icon\" aria-label=\"Unmute\"><\/p>\n<p>                        <\/button><br \/>\n                        <button class=\"kg-video-mute-icon kg-video-hide\" aria-label=\"Mute\"><\/p>\n<p>                        <\/button><\/p><\/div>\n<\/p><\/div>\n<\/p><\/div>\n<\/figure>\n<figure class=\"kg-card kg-video-card kg-width-regular\" data-kg-thumbnail=\"https:\/\/odocumento.com.br\/content\/media\/2026\/09\/WhatsApp-Video-2026-09-01-at-07.19.34--1-_thumb.jpg\" data-kg-custom-thumbnail>\n<div class=\"kg-video-container\">\n                <video src=\"https:\/\/odocumento.com.br\/content\/media\/2026\/09\/WhatsApp-Video-2026-09-01-at-07.19.34--1-.mp4\" poster=\"https:\/\/img.spacergif.org\/v1\/576x1024\/0a\/spacer.png\" width=\"576\" height=\"1024\" playsinline preload=\"metadata\" style=\") 50% 50% \/ cover no-repeat\"><\/video><\/p>\n<div class=\"kg-video-overlay\">\n                    <button class=\"kg-video-large-play-icon\" aria-label=\"Play video\"><\/p>\n<p>                    <\/button>\n                <\/div>\n<div class=\"kg-video-player-container\">\n<div class=\"kg-video-player\">\n                        <button class=\"kg-video-play-icon\" aria-label=\"Play video\"><\/p>\n<p>                        <\/button><br \/>\n                        <button class=\"kg-video-pause-icon kg-video-hide\" aria-label=\"Pause video\"><\/p>\n<p>                        <\/button><br \/>\n                        <span class=\"kg-video-current-time\">0:00<\/span><\/p>\n<div class=\"kg-video-time\">\n                            \/<span class=\"kg-video-duration\">0:05<\/span>\n                        <\/div>\n<p>                        <button class=\"kg-video-playback-rate\" aria-label=\"Adjust playback speed\">1&#xD7;<\/button><br \/>\n                        <button class=\"kg-video-unmute-icon\" aria-label=\"Unmute\"><\/p>\n<p>                        <\/button><br \/>\n                        <button class=\"kg-video-mute-icon kg-video-hide\" aria-label=\"Mute\"><\/p>\n<p>                        <\/button><\/p><\/div>\n<\/p><\/div>\n<\/p><\/div>\n<\/figure>\n<p><strong>Fonte:<\/strong> Cidades &#8211; O DOCUMENTO | Confira as principais not\u00edcias de Cuiab\u00e1, Mato Grosso e regi\u00e3o (https:\/\/odocumento.com.br\/fogo-atinge-morro-e-prefeitura-decreta-situacao-de-emergencia-veja-videos\/)<\/p>\n","protected":false},"excerpt":{"rendered":"<p>Conte&#xFA;do\/ODOC &#8211; Um inc&#xEA;ndio de grandes propor&#xE7;&#xF5;es atingiu o Morro de Santo Ant&#xF4;nio, em Santo<\/p>\n","protected":false},"author":2,"featured_media":95855,"comment_status":"open","ping_status":"open","sticky":false,"template":"","format":"standard","meta":{"footnotes":""},"categories":[7],"tags":[],"aioseo_notices":[],"_links":{"self":[{"href":"https:\/\/portalnewsgta.com.br\/index.php\/wp-json\/wp\/v2\/posts\/95854"}],"collection":[{"href":"https:\/\/portalnewsgta.com.br\/index.php\/wp-json\/wp\/v2\/posts"}],"about":[{"href":"https:\/\/portalnewsgta.com.br\/index.php\/wp-json\/wp\/v2\/types\/post"}],"author":[{"embeddable":true,"href":"https:\/\/portalnewsgta.com.br\/index.php\/wp-json\/wp\/v2\/users\/2"}],"replies":[{"embeddable":true,"href":"https:\/\/portalnewsgta.com.br\/index.php\/wp-json\/wp\/v2\/comments?post=95854"}],"version-history":[{"count":0,"href":"https:\/\/portalnewsgta.com.br\/index.php\/wp-json\/wp\/v2\/posts\/95854\/revisions"}],"wp:featuredmedia":[{"embeddable":true,"href":"https:\/\/portalnewsgta.com.br\/index.php\/wp-json\/wp\/v2\/media\/95855"}],"wp:attachment":[{"href":"https:\/\/portalnewsgta.com.br\/index.php\/wp-json\/wp\/v2\/media?parent=95854"}],"wp:term":[{"taxonomy":"category","embeddable":true,"href":"https:\/\/portalnewsgta.com.br\/index.php\/wp-json\/wp\/v2\/categories?post=95854"},{"taxonomy":"post_tag","embeddable":true,"href":"https:\/\/portalnewsgta.com.br\/index.php\/wp-json\/wp\/v2\/tags?post=95854"}],"curies":[{"name":"wp","href":"https:\/\/api.w.org\/{rel}","templated":true}]}}