{"id":95832,"date":"2026-09-01T05:55:56","date_gmt":"2026-09-01T08:55:56","guid":{"rendered":"https:\/\/portalnewsgta.com.br\/index.php\/2026\/09\/01\/janaina-nega-acordo-com-mauro-mendes-para-evitar-troca-de-criticas-durante-a-campanha\/"},"modified":"2026-09-01T05:55:56","modified_gmt":"2026-09-01T08:55:56","slug":"janaina-nega-acordo-com-mauro-mendes-para-evitar-troca-de-criticas-durante-a-campanha","status":"publish","type":"post","link":"https:\/\/portalnewsgta.com.br\/index.php\/2026\/09\/01\/janaina-nega-acordo-com-mauro-mendes-para-evitar-troca-de-criticas-durante-a-campanha\/","title":{"rendered":"Janaina nega acordo com Mauro Mendes para evitar troca de cr\u00edticas durante a campanha"},"content":{"rendered":"<p><img decoding=\"async\" src=\"https:\/\/odocumento.com.br\/content\/images\/2026\/08\/1e3eb5b8-e49f-4a73-abad-ee557e549832.jpg\" alt=\"Janaina nega acordo com Mauro Mendes para evitar troca de cr&#xED;ticas durante a campanha\"><\/p>\n<p><strong><em>Conte&#xFA;do\/ODOC<\/em><\/strong> &#8211; A candidata ao Senado Janaina Riva (MDB) rejeitou a possibilidade de um acordo com o tamb&#xE9;m candidato Mauro Mendes (Uni&#xE3;o) para evitar cr&#xED;ticas e ataques durante a campanha eleitoral. Ela afirmou que n&#xE3;o pretende fazer qualquer tipo de pacto com advers&#xE1;rios e que concentrar&#xE1; sua atua&#xE7;&#xE3;o na defesa da pr&#xF3;pria candidatura.<\/p>\n<p>Nos bastidores, informa&#xE7;&#xF5;es apontavam para uma poss&#xED;vel articula&#xE7;&#xE3;o entre os dois candidatos para que se preservassem durante a disputa pelas duas vagas ao Senado. Janaina, por&#xE9;m, negou a exist&#xEA;ncia de um compromisso e afirmou que acordos desse tipo podem durar apenas enquanto forem convenientes aos envolvidos.<\/p>\n<p>&#x201C;Pacto em campanha n&#xE3;o existe. Ele existe at&#xE9; que funciona bem para os dois candidatos. De repente, quando come&#xE7;a a n&#xE3;o funcionar para um, o pacto j&#xE1; morreu. Ent&#xE3;o, n&#xE3;o pretendo fazer pacto com ningu&#xE9;m&#x201D;, afirmou.<\/p>\n<p>Janaina tamb&#xE9;m disse que n&#xE3;o acredita em acordos eleitorais entre os candidatos e que pretende apresentar suas pr&#xF3;prias pautas e propostas ao eleitor.<\/p>\n<p>&#x201C;Eu vou defender &#xFA;nica e exclusivamente a minha candidatura, as minhas pautas, as minhas propostas. N&#xE3;o acredito em nenhum pacto eleitoral. E n&#xE3;o acredito n&#xE3;o &#xE9; s&#xF3; em pacto entre eu e Mauro. N&#xE3;o acredito em pacto entre nenhum dos candidatos&#x201D;, declarou.<\/p>\n<p>Para a candidata, a disputa pelas duas cadeiras dispon&#xED;veis no Senado torna ainda mais dif&#xED;cil manter uma eventual tr&#xE9;gua. Ela avaliou que mudan&#xE7;as nas pesquisas de inten&#xE7;&#xE3;o de voto podem alterar rapidamente a estrat&#xE9;gia dos concorrentes.<\/p>\n<p>&#x201C;Enquanto estiver indo bem esse combinado, tudo flui. Mas daqui a dois, tr&#xEA;s dias, um pode cair na pesquisa e j&#xE1; foi embora. Ent&#xE3;o, n&#xE3;o tem como fazer pacto em uma candidatura de dois votos&#x201D;, disse.<\/p>\n<p>Durante a entrevista, Janaina tamb&#xE9;m foi questionada sobre as suspeitas envolvendo um acordo entre a empresa Oi e o Governo de Mato Grosso, tema que havia sido levantado por ela durante seu mandato na Assembleia Legislativa.<\/p>\n<p>O caso teve desdobramento no in&#xED;cio de agosto com a <strong>Opera&#xE7;&#xE3;o Heritage<\/strong>, da Pol&#xED;cia Federal, que teve como alvo o ex-governador e integrantes de seu grupo pol&#xED;tico.<\/p>\n<p>Janaina afirmou que j&#xE1; tomou as provid&#xEA;ncias que considerava necess&#xE1;rias e que encaminhou representa&#xE7;&#xF5;es, com documentos sobre o caso, ao Minist&#xE9;rio P&#xFA;blico Federal, Minist&#xE9;rio P&#xFA;blico Estadual, Tribunal de Justi&#xE7;a e Pol&#xED;cia Federal.<\/p>\n<p>&#x201C;Eu fiz o que tinha que fazer com rela&#xE7;&#xE3;o ao caso da Oi. Fiz a den&#xFA;ncia quando ningu&#xE9;m queria fazer, ningu&#xE9;m tinha coragem de fazer&#x201D;, afirmou.<\/p>\n<p><strong>Fonte:<\/strong> Pol\u00edtica &#8211; O DOCUMENTO | Confira as principais not\u00edcias de Cuiab\u00e1, Mato Grosso e regi\u00e3o (https:\/\/odocumento.com.br\/janaina-nega-acordo-com-mauro-mendes-para-evitar-troca-de-criticas-durante-a-campanha\/)<\/p>\n","protected":false},"excerpt":{"rendered":"<p>Conte&#xFA;do\/ODOC &#8211; A candidata ao Senado Janaina Riva (MDB) rejeitou a possibilidade de um acordo<\/p>\n","protected":false},"author":2,"featured_media":95833,"comment_status":"open","ping_status":"open","sticky":false,"template":"","format":"standard","meta":{"footnotes":""},"categories":[2],"tags":[],"aioseo_notices":[],"_links":{"self":[{"href":"https:\/\/portalnewsgta.com.br\/index.php\/wp-json\/wp\/v2\/posts\/95832"}],"collection":[{"href":"https:\/\/portalnewsgta.com.br\/index.php\/wp-json\/wp\/v2\/posts"}],"about":[{"href":"https:\/\/portalnewsgta.com.br\/index.php\/wp-json\/wp\/v2\/types\/post"}],"author":[{"embeddable":true,"href":"https:\/\/portalnewsgta.com.br\/index.php\/wp-json\/wp\/v2\/users\/2"}],"replies":[{"embeddable":true,"href":"https:\/\/portalnewsgta.com.br\/index.php\/wp-json\/wp\/v2\/comments?post=95832"}],"version-history":[{"count":0,"href":"https:\/\/portalnewsgta.com.br\/index.php\/wp-json\/wp\/v2\/posts\/95832\/revisions"}],"wp:featuredmedia":[{"embeddable":true,"href":"https:\/\/portalnewsgta.com.br\/index.php\/wp-json\/wp\/v2\/media\/95833"}],"wp:attachment":[{"href":"https:\/\/portalnewsgta.com.br\/index.php\/wp-json\/wp\/v2\/media?parent=95832"}],"wp:term":[{"taxonomy":"category","embeddable":true,"href":"https:\/\/portalnewsgta.com.br\/index.php\/wp-json\/wp\/v2\/categories?post=95832"},{"taxonomy":"post_tag","embeddable":true,"href":"https:\/\/portalnewsgta.com.br\/index.php\/wp-json\/wp\/v2\/tags?post=95832"}],"curies":[{"name":"wp","href":"https:\/\/api.w.org\/{rel}","templated":true}]}}