{"id":95824,"date":"2026-09-01T05:55:50","date_gmt":"2026-09-01T08:55:50","guid":{"rendered":"https:\/\/portalnewsgta.com.br\/index.php\/2026\/09\/01\/pccs-da-saude-avanca-apos-dialogo-com-servidores-e-chega-a-camara-municipal-de-vg\/"},"modified":"2026-09-01T05:55:50","modified_gmt":"2026-09-01T08:55:50","slug":"pccs-da-saude-avanca-apos-dialogo-com-servidores-e-chega-a-camara-municipal-de-vg","status":"publish","type":"post","link":"https:\/\/portalnewsgta.com.br\/index.php\/2026\/09\/01\/pccs-da-saude-avanca-apos-dialogo-com-servidores-e-chega-a-camara-municipal-de-vg\/","title":{"rendered":"PCCS da Sa\u00fade avan\u00e7a ap\u00f3s di\u00e1logo com servidores e chega \u00e0 C\u00e2mara Municipal de VG"},"content":{"rendered":"<p><img decoding=\"async\" src=\"https:\/\/odocumento.com.br\/content\/images\/2026\/08\/847a1f5aa6a782d852539b0731a9290f.jpg\" alt=\"PCCS da Sa&#xFA;de avan&#xE7;a ap&#xF3;s di&#xE1;logo com servidores e chega &#xE0; C&#xE2;mara Municipal de VG\"><\/p>\n<p>A manh&#xE3; desta segunda-feira (31) marcou uma etapa hist&#xF3;rica para os servidores da Sa&#xFA;de de V&#xE1;rzea Grande. Ap&#xF3;s meses de reuni&#xF5;es, estudos t&#xE9;cnicos, escuta das categorias e constru&#xE7;&#xE3;o conjunta, foi realizada a &#xFA;ltima reuni&#xE3;o para assinatura da minuta do Plano de Cargos, Carreiras e Sal&#xE1;rios (PCCS) da Sa&#xFA;de. Com a conclus&#xE3;o dessa etapa, o documento seguir&#xE1; para an&#xE1;lise e vota&#xE7;&#xE3;o na C&#xE2;mara Municipal.<\/p>\n<p>A constru&#xE7;&#xE3;o do PCCS representa a retomada de uma reivindica&#xE7;&#xE3;o aguardada h&#xE1; anos pelos trabalhadores da Sa&#xFA;de. O novo plano contempla diferentes categorias e n&#xED;veis profissionais, entre m&#xE9;dicos, enfermeiros, t&#xE9;cnicos, radiologistas e demais servidores de n&#xED;veis m&#xE9;dio e superior.<\/p>\n<p>Para a prefeita Fl&#xE1;via Moretti, a constru&#xE7;&#xE3;o do plano s&#xF3; poderia acontecer a partir do di&#xE1;logo e da participa&#xE7;&#xE3;o efetiva dos servidores. Segundo ela, cada categoria possui caracter&#xED;sticas, necessidades e particularidades pr&#xF3;prias, o que exigiu uma an&#xE1;lise individualizada antes da defini&#xE7;&#xE3;o do texto final.<\/p>\n<p>&#x201C;N&#xE3;o seria poss&#xED;vel fazer um PCCS sem ouvir quem est&#xE1; l&#xE1; na ponta. Cada categoria tem sua realidade, suas necessidades e suas peculiaridades. Foi preciso ouvir, estudar e analisar cada situa&#xE7;&#xE3;o para chegarmos a um plano que represente aquilo que os servidores definiram e concordaram&#x201D;, destacou.<\/p>\n<p>A prefeita tamb&#xE9;m ressaltou que o processo n&#xE3;o foi simples, justamente pela diversidade de profissionais que integram a rede municipal de Sa&#xFA;de. Foram considerados os impactos para cada carreira e tamb&#xE9;m para as finan&#xE7;as do munic&#xED;pio, buscando construir uma proposta respons&#xE1;vel e sustent&#xE1;vel.<\/p>\n<p>&#x201C;Esse plano est&#xE1; do jeito que a classe definiu e concordou. E esse &#xE9; o maior ganho. N&#xE3;o estamos falando apenas do servidor, mas tamb&#xE9;m da fam&#xED;lia deles, porque estamos falando de carreira, valoriza&#xE7;&#xE3;o e de uma aposentadoria mais digna e real&#x201D;, afirmou Fl&#xE1;via.<\/p>\n<p>O documento seguir&#xE1; agora para a C&#xE2;mara Municipal, onde ser&#xE1; analisado pelos vereadores.<\/p>\n<p><strong>Um marco para quem esperou por anos<\/strong><\/p>\n<p>Entre os servidores, a assinatura da minuta foi recebida com emo&#xE7;&#xE3;o. Para muitos trabalhadores, o momento representa o resultado de uma luta iniciada h&#xE1; mais de uma d&#xE9;cada.<\/p>\n<p>A assistente social Luzimar Ferreira, servidora concursada h&#xE1; mais de 23 anos e integrante do Conselho Municipal de Sa&#xFA;de, destacou a import&#xE2;ncia de finalmente ver o PCCS avan&#xE7;ar.<\/p>\n<p>&#x201C;&#xC9; um reconhecimento muito importante para n&#xF3;s, servidores. Foram muitos anos de espera e de luta. Ver esse processo chegando a essa etapa nos traz esperan&#xE7;a e mostra que a nossa voz foi ouvida&#x201D;, afirmou.<\/p>\n<p>A servidora Terezinha Bianchini, que completa 31 anos de servi&#xE7;o p&#xFA;blico em V&#xE1;rzea Grande no pr&#xF3;ximo m&#xEA;s, tamb&#xE9;m classificou o momento como um marco hist&#xF3;rico. Segundo ela, durante sua trajet&#xF3;ria, nunca havia presenciado uma gest&#xE3;o assumir diretamente a condu&#xE7;&#xE3;o de um processo dessa dimens&#xE3;o voltado &#xE0; valoriza&#xE7;&#xE3;o dos servidores da Sa&#xFA;de.<\/p>\n<p>&#x201C;&#xC9; um marco hist&#xF3;rico. Eu tenho 30 anos de V&#xE1;rzea Grande e nunca vivenciei algo assim. Sempre fomos n&#xF3;s, servidores, que precis&#xE1;vamos correr atr&#xE1;s, procurar vereadores e lutar para conseguir avan&#xE7;ar. Agora partiu da pr&#xF3;pria gest&#xE3;o a iniciativa de construir esse PCCS. Isso vai ficar marcado na hist&#xF3;ria&#x201D;, declarou, emocionada.<\/p>\n<p><strong>Valoriza&#xE7;&#xE3;o que chega &#xE0; ponta<\/strong><\/p>\n<p>O presidente do Sindicato dos M&#xE9;dicos, Valdir Coelho, servidor h&#xE1; 33 anos, tamb&#xE9;m reconheceu o avan&#xE7;o. Para ele, a constru&#xE7;&#xE3;o do plano representa uma conquista importante para uma categoria que h&#xE1; anos aguardava por uma atualiza&#xE7;&#xE3;o.<\/p>\n<p>&#x201C;Hoje foi um grande avan&#xE7;o. Estamos lutando por isso h&#xE1; muitos anos, sem reajuste e sem PCCS. Agora tivemos uma grande valoriza&#xE7;&#xE3;o da categoria m&#xE9;dica e estamos satisfeitos com a negocia&#xE7;&#xE3;o. Esperamos que esse projeto avance tamb&#xE9;m na C&#xE2;mara e seja implementado no pr&#xF3;ximo ano&#x201D;, afirmou.<\/p>\n<p>Segundo o m&#xE9;dico, a constru&#xE7;&#xE3;o foi poss&#xED;vel a partir do di&#xE1;logo permanente entre a gest&#xE3;o e os servidores, aliado &#xE0; responsabilidade fiscal.<\/p>\n<p>A previs&#xE3;o estabelecida no plano prev&#xEA; a primeira tabela de reajuste para 1&#xBA; de janeiro de 2027, com conclus&#xE3;o da implanta&#xE7;&#xE3;o prevista para 1&#xBA; de janeiro de 2028.<\/p>\n<p><strong>Gest&#xE3;o e servidores construindo juntos<\/strong><\/p>\n<p>O secret&#xE1;rio municipal de Sa&#xFA;de em exerc&#xED;cio, Michael Alves, tamb&#xE9;m destacou a emo&#xE7;&#xE3;o de acompanhar a conclus&#xE3;o dessa etapa. Para ele, o processo demonstra o compromisso da gest&#xE3;o com a valoriza&#xE7;&#xE3;o profissional.<\/p>\n<p>Michael ressaltou que o avan&#xE7;o do PCCS s&#xF3; foi poss&#xED;vel gra&#xE7;as &#xE0; abertura para o di&#xE1;logo e &#xE0; disposi&#xE7;&#xE3;o das categorias em construir uma proposta poss&#xED;vel, respons&#xE1;vel e que atendesse &#xE0;s necessidades dos servidores.<\/p>\n<p>A prefeita refor&#xE7;ou ainda que os trabalhadores da Sa&#xFA;de s&#xE3;o os &#x201C;bra&#xE7;os e os olhos&#x201D; da gest&#xE3;o na ponta, dentro das unidades, no Pronto-Socorro e em todos os servi&#xE7;os oferecidos &#xE0; popula&#xE7;&#xE3;o.<\/p>\n<p>&#x201C;Quando valorizamos o profissional, a Sa&#xFA;de tamb&#xE9;m ganha. E, junto com a valoriza&#xE7;&#xE3;o, precisamos fortalecer o acolhimento, a escuta ativa e o cuidado com quem procura nossos servi&#xE7;os. Um servidor valorizado tem melhores condi&#xE7;&#xF5;es para cuidar da popula&#xE7;&#xE3;o&#x201D;, pontuou.<\/p>\n<p>O vereador Rogerinho Dakar, da base aliada da prefeita, parabenizou os profissionais e destacou que a valoriza&#xE7;&#xE3;o tamb&#xE9;m produz reflexos na economia local.<\/p>\n<p>&#x201C;Um servidor bem pago, bem qualificado e motivado melhora o servi&#xE7;o prestado &#xE0; popula&#xE7;&#xE3;o. E essa melhoria tamb&#xE9;m movimenta a economia do munic&#xED;pio, porque aumenta o poder de compra das fam&#xED;lias. A prefeita est&#xE1; fazendo a diferen&#xE7;a, mesmo diante das dificuldades financeiras que o munic&#xED;pio enfrenta&#x201D;, afirmou.<\/p>\n<p>O vereador Enfermeiro Emerson, representante da bancada da Sa&#xFA;de na C&#xE2;mara, destacou que a assinatura desta segunda-feira abre uma nova etapa, agora com a participa&#xE7;&#xE3;o do Legislativo.<\/p>\n<p>&#x201C;&#xC9; justamente agora que come&#xE7;a uma parte essencial do trabalho pol&#xED;tico. A prefeita nos convidou para acompanhar esse momento e, daqui para frente, n&#xF3;s vereadores teremos uma responsabilidade importante na an&#xE1;lise e na tramita&#xE7;&#xE3;o desse projeto&#x201D;, afirmou.<\/p>\n<p>J&#xE1; o presidente do Sindicato dos Servidores da Sa&#xFA;de, Carlino Neto, destacou o compromisso conjunto para fortalecer a arrecada&#xE7;&#xE3;o e garantir a sustentabilidade das medidas.<\/p>\n<p>&#x201C;Assumimos junto com a prefeita o compromisso de fazer o trabalho de casa, aumentar a arrecada&#xE7;&#xE3;o e melhorar aquilo que for necess&#xE1;rio para atender o servidor. A prefeita n&#xE3;o est&#xE1; apenas cumprindo a responsabilidade fiscal, mas tamb&#xE9;m demonstrando responsabilidade social&#x201D;, declarou.<\/p>\n<p><strong>Mais do que um plano, uma conquista coletiva<\/strong><\/p>\n<p>Ao longo do processo, a constru&#xE7;&#xE3;o do PCCS foi marcada pela participa&#xE7;&#xE3;o de diferentes categorias e pela busca de equil&#xED;brio entre valoriza&#xE7;&#xE3;o profissional e responsabilidade financeira.<\/p>\n<p>Para os servidores, entretanto, o significado vai al&#xE9;m de uma tabela salarial ou de uma progress&#xE3;o de carreira. Representa reconhecimento, perspectiva profissional e a possibilidade de construir uma trajet&#xF3;ria mais segura dentro do servi&#xE7;o p&#xFA;blico.<\/p>\n<p>A prefeita Fl&#xE1;via Moretti refor&#xE7;ou que a valoriza&#xE7;&#xE3;o precisa caminhar lado a lado com a humaniza&#xE7;&#xE3;o do atendimento.<\/p>\n<p>&#x201C;Os servidores s&#xE3;o quem est&#xE3;o todos os dias olhando para o cidad&#xE3;o, ouvindo suas necessidades e fazendo a Sa&#xFA;de acontecer. Se conseguimos valorizar quem cuida, tamb&#xE9;m conseguimos melhorar o cuidado oferecido &#xE0; popula&#xE7;&#xE3;o&#x201D;, afirmou.<\/p>\n<p>Com a assinatura da minuta, uma longa etapa chega ao fim. Agora, o PCCS da Sa&#xFA;de entra em uma nova fase: a an&#xE1;lise pelo Legislativo Municipal. Para quem esperou anos por esse momento, fica a sensa&#xE7;&#xE3;o de que uma antiga reivindica&#xE7;&#xE3;o finalmente come&#xE7;a a ganhar forma concreta &#x2014; constru&#xED;da, desta vez, com di&#xE1;logo, participa&#xE7;&#xE3;o e a voz dos pr&#xF3;prios servidores.<\/p>\n<p><strong>Fonte:<\/strong> Pol\u00edtica &#8211; O DOCUMENTO | Confira as principais not\u00edcias de Cuiab\u00e1, Mato Grosso e regi\u00e3o (https:\/\/odocumento.com.br\/pccs-da-saude-avanca-apos-dialogo-com-servidores-e-chega-a-camara-municipal-de-vg\/)<\/p>\n","protected":false},"excerpt":{"rendered":"<p>A manh&#xE3; desta segunda-feira (31) marcou uma etapa hist&#xF3;rica para os servidores da Sa&#xFA;de de<\/p>\n","protected":false},"author":2,"featured_media":95825,"comment_status":"open","ping_status":"open","sticky":false,"template":"","format":"standard","meta":{"footnotes":""},"categories":[2],"tags":[],"aioseo_notices":[],"_links":{"self":[{"href":"https:\/\/portalnewsgta.com.br\/index.php\/wp-json\/wp\/v2\/posts\/95824"}],"collection":[{"href":"https:\/\/portalnewsgta.com.br\/index.php\/wp-json\/wp\/v2\/posts"}],"about":[{"href":"https:\/\/portalnewsgta.com.br\/index.php\/wp-json\/wp\/v2\/types\/post"}],"author":[{"embeddable":true,"href":"https:\/\/portalnewsgta.com.br\/index.php\/wp-json\/wp\/v2\/users\/2"}],"replies":[{"embeddable":true,"href":"https:\/\/portalnewsgta.com.br\/index.php\/wp-json\/wp\/v2\/comments?post=95824"}],"version-history":[{"count":0,"href":"https:\/\/portalnewsgta.com.br\/index.php\/wp-json\/wp\/v2\/posts\/95824\/revisions"}],"wp:featuredmedia":[{"embeddable":true,"href":"https:\/\/portalnewsgta.com.br\/index.php\/wp-json\/wp\/v2\/media\/95825"}],"wp:attachment":[{"href":"https:\/\/portalnewsgta.com.br\/index.php\/wp-json\/wp\/v2\/media?parent=95824"}],"wp:term":[{"taxonomy":"category","embeddable":true,"href":"https:\/\/portalnewsgta.com.br\/index.php\/wp-json\/wp\/v2\/categories?post=95824"},{"taxonomy":"post_tag","embeddable":true,"href":"https:\/\/portalnewsgta.com.br\/index.php\/wp-json\/wp\/v2\/tags?post=95824"}],"curies":[{"name":"wp","href":"https:\/\/api.w.org\/{rel}","templated":true}]}}