{"id":95775,"date":"2026-08-31T17:56:20","date_gmt":"2026-08-31T20:56:20","guid":{"rendered":"https:\/\/portalnewsgta.com.br\/index.php\/2026\/08\/31\/mauro-aponta-equivoco-de-pivetta-ao-vetar-fabio-garcia-e-alerta-para-consequencias-politicas\/"},"modified":"2026-08-31T17:56:20","modified_gmt":"2026-08-31T20:56:20","slug":"mauro-aponta-equivoco-de-pivetta-ao-vetar-fabio-garcia-e-alerta-para-consequencias-politicas","status":"publish","type":"post","link":"https:\/\/portalnewsgta.com.br\/index.php\/2026\/08\/31\/mauro-aponta-equivoco-de-pivetta-ao-vetar-fabio-garcia-e-alerta-para-consequencias-politicas\/","title":{"rendered":"Mauro aponta &#8220;equ\u00edvoco&#8221; de Pivetta ao vetar F\u00e1bio Garcia e alerta para consequ\u00eancias pol\u00edticas"},"content":{"rendered":"<p><img decoding=\"async\" src=\"https:\/\/odocumento.com.br\/content\/images\/2026\/08\/Otaviano-Pivetta-e-Fabio-Garcia-maio-2024-ass.jpg\" alt=\"Mauro aponta &quot;equ&#xED;voco&quot; de Pivetta ao vetar F&#xE1;bio Garcia e alerta para consequ&#xEA;ncias pol&#xED;ticas\"><\/p>\n<p><strong><em>Conte&#xFA;do\/ODOC<\/em><\/strong> &#8211; Em entrevista ao vivo concedida &#xE0; <strong>TV Vila Real<\/strong>, o ex-governador e candidato ao Senado Mauro Mendes (Uni&#xE3;o) voltou a comentar os bastidores da escolha do nome para a vice-governadoria na chapa do governador Otaviano Pivetta (Republicanos).<\/p>\n<p>Mendes reafirmou sua avalia&#xE7;&#xE3;o de que a substitui&#xE7;&#xE3;o do deputado federal F&#xE1;bio Garcia (Uni&#xE3;o) foi uma decis&#xE3;o equivocada, pontuando que a troca na composi&#xE7;&#xE3;o majorit&#xE1;ria pode gerar impactos no cen&#xE1;rio pol&#xED;tico regional.<\/p>\n<p>Ao detalhar sua leitura, Mendes ressaltou o cacife pol&#xED;tico de seu correligion&#xE1;rio e a amplitude do apoio que sustentava o nome de Garcia. &#x201C;N&#xE3;o quis mandar recado nenhum, eu disse apenas o que as palavras est&#xE3;o dizendo, que na minha opini&#xE3;o era um equ&#xED;voco, o F&#xE1;bio Garcia &#xE9; deputado federal, foi chefe da Casa Civil, ele teve a assinatura de mais de 120 prefeitos apoiando ele e era uma excelente op&#xE7;&#xE3;o para ser vice-governador do Estado de Mato Grosso&#x201D;, explicou Mendes.<\/p>\n<p>O candidato ao Senado refor&#xE7;ou que, embora tenha divergido da altera&#xE7;&#xE3;o, respeitou a autonomia do chefe do Executivo para definir seu parceiro de chapa. &#x201C;Eu sempre disse e repeti dezenas de vezes que a escolha do vice &#xE9; uma prerrogativa, &#xE9; uma atribui&#xE7;&#xE3;o do governador. Independentemente de quem ele escolhesse, eu iria apoiar. Ele escolheu inicialmente o F&#xE1;bio Garcia, eu apoiei, depois ele quis mudar, eu n&#xE3;o concordei, mas apoiei porque eu fui coerente com aquilo que eu sempre defendi: escolha &#xE9; do governador&#x201D;, argumentou.<\/p>\n<p>Mauro Mendes ponderou que os efeitos da rearticula&#xE7;&#xE3;o partid&#xE1;ria ser&#xE3;o percebidos ao longo do processo eleitoral. &#x201C;O futuro vai dizer quais ser&#xE3;o os desdobramentos, eu n&#xE3;o sou M&#xE3;e Din&#xE1;h&#8230; eu tenho as minhas impress&#xF5;es de que quando voc&#xEA; faz mudan&#xE7;as, podem trazer &#x2013; sim &#x2013; consequ&#xEA;ncias. Qualquer escolha que voc&#xEA; faz na vida ela pode trazer consequ&#xEA;ncias&#x201D;, finalizou o l&#xED;der pol&#xED;tico.<\/p>\n<p><strong>Fonte:<\/strong> Pol\u00edtica &#8211; O DOCUMENTO | Confira as principais not\u00edcias de Cuiab\u00e1, Mato Grosso e regi\u00e3o (https:\/\/odocumento.com.br\/mauro-aponta-equivoco-de-pivetta-ao-vetar-fabio-garcia-e-alerta-para-consequencias-politicas\/)<\/p>\n","protected":false},"excerpt":{"rendered":"<p>Conte&#xFA;do\/ODOC &#8211; Em entrevista ao vivo concedida &#xE0; TV Vila Real, o ex-governador e candidato<\/p>\n","protected":false},"author":2,"featured_media":95776,"comment_status":"open","ping_status":"open","sticky":false,"template":"","format":"standard","meta":{"footnotes":""},"categories":[2],"tags":[],"aioseo_notices":[],"_links":{"self":[{"href":"https:\/\/portalnewsgta.com.br\/index.php\/wp-json\/wp\/v2\/posts\/95775"}],"collection":[{"href":"https:\/\/portalnewsgta.com.br\/index.php\/wp-json\/wp\/v2\/posts"}],"about":[{"href":"https:\/\/portalnewsgta.com.br\/index.php\/wp-json\/wp\/v2\/types\/post"}],"author":[{"embeddable":true,"href":"https:\/\/portalnewsgta.com.br\/index.php\/wp-json\/wp\/v2\/users\/2"}],"replies":[{"embeddable":true,"href":"https:\/\/portalnewsgta.com.br\/index.php\/wp-json\/wp\/v2\/comments?post=95775"}],"version-history":[{"count":0,"href":"https:\/\/portalnewsgta.com.br\/index.php\/wp-json\/wp\/v2\/posts\/95775\/revisions"}],"wp:featuredmedia":[{"embeddable":true,"href":"https:\/\/portalnewsgta.com.br\/index.php\/wp-json\/wp\/v2\/media\/95776"}],"wp:attachment":[{"href":"https:\/\/portalnewsgta.com.br\/index.php\/wp-json\/wp\/v2\/media?parent=95775"}],"wp:term":[{"taxonomy":"category","embeddable":true,"href":"https:\/\/portalnewsgta.com.br\/index.php\/wp-json\/wp\/v2\/categories?post=95775"},{"taxonomy":"post_tag","embeddable":true,"href":"https:\/\/portalnewsgta.com.br\/index.php\/wp-json\/wp\/v2\/tags?post=95775"}],"curies":[{"name":"wp","href":"https:\/\/api.w.org\/{rel}","templated":true}]}}