{"id":95754,"date":"2026-08-31T12:55:46","date_gmt":"2026-08-31T15:55:46","guid":{"rendered":"https:\/\/portalnewsgta.com.br\/index.php\/2026\/08\/31\/suspeito-de-matar-homem-a-facadas-apos-discussao-e-preso-em-quatro-marcos\/"},"modified":"2026-08-31T12:55:46","modified_gmt":"2026-08-31T15:55:46","slug":"suspeito-de-matar-homem-a-facadas-apos-discussao-e-preso-em-quatro-marcos","status":"publish","type":"post","link":"https:\/\/portalnewsgta.com.br\/index.php\/2026\/08\/31\/suspeito-de-matar-homem-a-facadas-apos-discussao-e-preso-em-quatro-marcos\/","title":{"rendered":"Suspeito de matar homem a facadas ap\u00f3s discuss\u00e3o \u00e9 preso em Quatro Marcos"},"content":{"rendered":"<p><img decoding=\"async\" src=\"https:\/\/odocumento.com.br\/content\/images\/2026\/08\/policia-Quatro-Marcos.jpeg\" alt=\"Suspeito de matar homem a facadas ap&#xF3;s discuss&#xE3;o &#xE9; preso em Quatro Marcos\"><\/p>\n<p>A Pol&#xED;cia Civil cumpriu, na tarde de domingo (30), um mandado de pris&#xE3;o preventiva contra o autor de um homic&#xED;dio qualificado por motivo f&#xFA;til, ocorrido em S&#xE3;o Jos&#xE9; dos Quatro Marcos cinco dias antes.<\/p>\n<p>O suspeito, de 42 anos, teve a pris&#xE3;o preventiva decretada pelo Poder Judici&#xE1;rio ap&#xF3;s representa&#xE7;&#xE3;o da Delegacia de Pol&#xED;cia de S&#xE3;o Jos&#xE9; dos Quatro Marcos, que conduziu as investiga&#xE7;&#xF5;es para apurar o crime.<\/p>\n<p><strong>O homic&#xED;dio<\/strong><\/p>\n<p>Na noite de quarta-feira (26), nas proximidades de uma distribuidora localizada no centro da cidade, o investigado e a v&#xED;tima, de 39 anos, estavam no local quando iniciaram uma discuss&#xE3;o motivada por provoca&#xE7;&#xF5;es f&#xFA;teis, que evoluiu para agress&#xF5;es m&#xFA;tuas.<\/p>\n<p>Durante a briga, o suspeito pegou uma faca e desferiu um golpe na regi&#xE3;o abdominal da v&#xED;tima. Ela foi socorrida e encaminhada ao Hospital Municipal. Devido &#xE0; gravidade dos ferimentos, foi transferida para o Hospital Regional de C&#xE1;ceres, onde n&#xE3;o resistiu e morreu.<\/p>\n<p>Ap&#xF3;s o crime, o suspeito fugiu do local.<\/p>\n<p><strong>Investiga&#xE7;&#xE3;o<\/strong><\/p>\n<p>Logo ap&#xF3;s serem acionados para atender &#xE0; ocorr&#xEA;ncia, os policiais civis iniciaram as dilig&#xEA;ncias para esclarecer o homic&#xED;dio e identificar o autor.<\/p>\n<p>Com base nos elementos de informa&#xE7;&#xE3;o reunidos durante a investiga&#xE7;&#xE3;o, a Delegacia de Pol&#xED;cia de S&#xE3;o Jos&#xE9; dos Quatro Marcos representou pela pris&#xE3;o preventiva do suspeito. O pedido foi deferido pelo Poder Judici&#xE1;rio.<\/p>\n<p>A ordem judicial foi cumprida na tarde de domingo, ap&#xF3;s o suspeito se apresentar espontaneamente na Delegacia de Pol&#xED;cia. Ele foi interrogado e, em seguida, preso preventivamente.<\/p>\n<p><strong>Fonte:<\/strong> Policial &#8211; O DOCUMENTO | Confira as principais not\u00edcias de Cuiab\u00e1, Mato Grosso e regi\u00e3o (https:\/\/odocumento.com.br\/suspeito-de-matar-homem-a-facadas-apos-discussao-e-preso-em-quatro-marcos\/)<\/p>\n","protected":false},"excerpt":{"rendered":"<p>A Pol&#xED;cia Civil cumpriu, na tarde de domingo (30), um mandado de pris&#xE3;o preventiva contra<\/p>\n","protected":false},"author":2,"featured_media":95755,"comment_status":"open","ping_status":"open","sticky":false,"template":"","format":"standard","meta":{"footnotes":""},"categories":[8],"tags":[],"aioseo_notices":[],"_links":{"self":[{"href":"https:\/\/portalnewsgta.com.br\/index.php\/wp-json\/wp\/v2\/posts\/95754"}],"collection":[{"href":"https:\/\/portalnewsgta.com.br\/index.php\/wp-json\/wp\/v2\/posts"}],"about":[{"href":"https:\/\/portalnewsgta.com.br\/index.php\/wp-json\/wp\/v2\/types\/post"}],"author":[{"embeddable":true,"href":"https:\/\/portalnewsgta.com.br\/index.php\/wp-json\/wp\/v2\/users\/2"}],"replies":[{"embeddable":true,"href":"https:\/\/portalnewsgta.com.br\/index.php\/wp-json\/wp\/v2\/comments?post=95754"}],"version-history":[{"count":0,"href":"https:\/\/portalnewsgta.com.br\/index.php\/wp-json\/wp\/v2\/posts\/95754\/revisions"}],"wp:featuredmedia":[{"embeddable":true,"href":"https:\/\/portalnewsgta.com.br\/index.php\/wp-json\/wp\/v2\/media\/95755"}],"wp:attachment":[{"href":"https:\/\/portalnewsgta.com.br\/index.php\/wp-json\/wp\/v2\/media?parent=95754"}],"wp:term":[{"taxonomy":"category","embeddable":true,"href":"https:\/\/portalnewsgta.com.br\/index.php\/wp-json\/wp\/v2\/categories?post=95754"},{"taxonomy":"post_tag","embeddable":true,"href":"https:\/\/portalnewsgta.com.br\/index.php\/wp-json\/wp\/v2\/tags?post=95754"}],"curies":[{"name":"wp","href":"https:\/\/api.w.org\/{rel}","templated":true}]}}