{"id":95685,"date":"2026-08-31T00:56:05","date_gmt":"2026-08-31T03:56:05","guid":{"rendered":"https:\/\/portalnewsgta.com.br\/index.php\/2026\/08\/31\/gisela-repudia-fala-de-galvan-sobre-feminicidio-e-diz-que-discurso-naturaliza-a-violencia\/"},"modified":"2026-08-31T00:56:05","modified_gmt":"2026-08-31T03:56:05","slug":"gisela-repudia-fala-de-galvan-sobre-feminicidio-e-diz-que-discurso-naturaliza-a-violencia","status":"publish","type":"post","link":"https:\/\/portalnewsgta.com.br\/index.php\/2026\/08\/31\/gisela-repudia-fala-de-galvan-sobre-feminicidio-e-diz-que-discurso-naturaliza-a-violencia\/","title":{"rendered":"Gisela repudia fala de Galvan sobre feminic\u00eddio e diz que discurso \u201cnaturaliza a viol\u00eancia\u201d"},"content":{"rendered":"<p><img decoding=\"async\" src=\"https:\/\/odocumento.com.br\/content\/images\/2026\/08\/img20250520203431847MED-1.jpg\" alt=\"Gisela repudia fala de Galvan sobre feminic&#xED;dio e diz que discurso &#x201C;naturaliza a viol&#xEA;ncia&#x201D;\"><\/p>\n<p><strong><em>Conte&#xFA;do\/ODOC &#8211; <\/em><\/strong>A candidata a vice-governadora de Mato Grosso, Gisela Simona (Uni&#xE3;o), criticou as declara&#xE7;&#xF5;es do candidato ao Senado Antonio Galvan (Avante) sobre o feminic&#xED;dio e classificou como grave o posicionamento do advers&#xE1;rio. Galvan gerou repercuss&#xE3;o ao questionar a necessidade de legisla&#xE7;&#xF5;es espec&#xED;ficas voltadas &#xE0; prote&#xE7;&#xE3;o das mulheres e defender que o enfrentamento da viol&#xEA;ncia seja tratado de forma geral.<\/p>\n<p>Em rea&#xE7;&#xE3;o &#xE0;s declara&#xE7;&#xF5;es, Gisela afirmou que discursos dessa natureza podem contribuir para minimizar a viol&#xEA;ncia contra as mulheres e defendeu a manuten&#xE7;&#xE3;o de pol&#xED;ticas e leis espec&#xED;ficas para combater o problema.<\/p>\n<p>&#x201C;&#xC9; um posicionamento grave, n&#xE9;? S&#xE3;o falas como essas que, de alguma forma, v&#xEA;m naturalizando a viol&#xEA;ncia contra a mulher, o que n&#xF3;s n&#xE3;o podemos admitir&#x201D;, afirmou.<\/p>\n<p>Para a candidata, o enfrentamento ao feminic&#xED;dio n&#xE3;o deve se limitar ao aumento de penas. Na avalia&#xE7;&#xE3;o dela, &#xE9; necess&#xE1;rio atacar tamb&#xE9;m fatores culturais e sociais que contribuem para a viol&#xEA;ncia contra as mulheres.<\/p>\n<p>&#x201C;N&#xF3;s precisamos entender que o primeiro passo para n&#xF3;s combatermos a viol&#xEA;ncia contra a mulher no nosso pa&#xED;s como um todo &#xE9; exatamente a gente conseguir, na verdade, entender que &#xE9; um problema estrutural, que &#xE9; um problema cultural&#x201D;, disse.<\/p>\n<p>Gisela tamb&#xE9;m defendeu a&#xE7;&#xF5;es na &#xE1;rea da educa&#xE7;&#xE3;o e mudan&#xE7;as legislativas como instrumentos de preven&#xE7;&#xE3;o. Segundo ela, o tema precisa ser trabalhado desde a forma&#xE7;&#xE3;o escolar, al&#xE9;m de ser contemplado em pol&#xED;ticas p&#xFA;blicas de prote&#xE7;&#xE3;o &#xE0;s mulheres.<\/p>\n<p>&#x201C;N&#xF3;s precisamos agir, seja na frente legislativa, com leis, n&#xE3;o s&#xF3; no endurecimento de penas, mas tamb&#xE9;m para fazer com que isso seja um ensino obrigat&#xF3;rio nas escolas&#x201D;, pontuou.<\/p>\n<p>Ao refor&#xE7;ar a necessidade de manter o tema em evid&#xEA;ncia, a candidata citou os &#xED;ndices de feminic&#xED;dio registrados em Mato Grosso. Segundo ela, o estado j&#xE1; ocupou a primeira coloca&#xE7;&#xE3;o entre as unidades da Federa&#xE7;&#xE3;o e atualmente aparece em terceiro lugar.<\/p>\n<p>&#x201C;N&#xF3;s j&#xE1; fomos a&#xED; campe&#xE3;o em feminic&#xED;dio, estamos em terceiro lugar, mas que n&#xE3;o &#xE9; um al&#xED;vio, uma coisa, quest&#xE3;o muito grave&#x201D;, afirmou.<\/p>\n<p>Para Gisela, a posi&#xE7;&#xE3;o no ranking n&#xE3;o deve ser tratada como uma melhora suficiente diante da dimens&#xE3;o do problema. &#x201C;&#xC9; nesse contexto que eu acredito que nenhuma fala pode naturalizar a viol&#xEA;ncia contra a mulher no nosso estado, no nosso pa&#xED;s, de maneira geral&#x201D;, concluiu.<\/p>\n<p><strong>Fonte:<\/strong> Pol\u00edtica &#8211; O DOCUMENTO | Confira as principais not\u00edcias de Cuiab\u00e1, Mato Grosso e regi\u00e3o (https:\/\/odocumento.com.br\/gisela-repudia-fala-de-galvan-sobre-feminicidio-e-diz-que-discurso-naturaliza-a-violencia\/)<\/p>\n","protected":false},"excerpt":{"rendered":"<p>Conte&#xFA;do\/ODOC &#8211; A candidata a vice-governadora de Mato Grosso, Gisela Simona (Uni&#xE3;o), criticou as declara&#xE7;&#xF5;es<\/p>\n","protected":false},"author":2,"featured_media":95686,"comment_status":"open","ping_status":"open","sticky":false,"template":"","format":"standard","meta":{"footnotes":""},"categories":[2],"tags":[],"aioseo_notices":[],"_links":{"self":[{"href":"https:\/\/portalnewsgta.com.br\/index.php\/wp-json\/wp\/v2\/posts\/95685"}],"collection":[{"href":"https:\/\/portalnewsgta.com.br\/index.php\/wp-json\/wp\/v2\/posts"}],"about":[{"href":"https:\/\/portalnewsgta.com.br\/index.php\/wp-json\/wp\/v2\/types\/post"}],"author":[{"embeddable":true,"href":"https:\/\/portalnewsgta.com.br\/index.php\/wp-json\/wp\/v2\/users\/2"}],"replies":[{"embeddable":true,"href":"https:\/\/portalnewsgta.com.br\/index.php\/wp-json\/wp\/v2\/comments?post=95685"}],"version-history":[{"count":0,"href":"https:\/\/portalnewsgta.com.br\/index.php\/wp-json\/wp\/v2\/posts\/95685\/revisions"}],"wp:featuredmedia":[{"embeddable":true,"href":"https:\/\/portalnewsgta.com.br\/index.php\/wp-json\/wp\/v2\/media\/95686"}],"wp:attachment":[{"href":"https:\/\/portalnewsgta.com.br\/index.php\/wp-json\/wp\/v2\/media?parent=95685"}],"wp:term":[{"taxonomy":"category","embeddable":true,"href":"https:\/\/portalnewsgta.com.br\/index.php\/wp-json\/wp\/v2\/categories?post=95685"},{"taxonomy":"post_tag","embeddable":true,"href":"https:\/\/portalnewsgta.com.br\/index.php\/wp-json\/wp\/v2\/tags?post=95685"}],"curies":[{"name":"wp","href":"https:\/\/api.w.org\/{rel}","templated":true}]}}