{"id":95665,"date":"2026-08-30T19:55:43","date_gmt":"2026-08-30T22:55:43","guid":{"rendered":"https:\/\/portalnewsgta.com.br\/index.php\/2026\/08\/30\/max-russi-reune-2-mil-pessoas-em-lancamento-de-campanha-a-reeleicao-em-jaciara\/"},"modified":"2026-08-30T19:55:43","modified_gmt":"2026-08-30T22:55:43","slug":"max-russi-reune-2-mil-pessoas-em-lancamento-de-campanha-a-reeleicao-em-jaciara","status":"publish","type":"post","link":"https:\/\/portalnewsgta.com.br\/index.php\/2026\/08\/30\/max-russi-reune-2-mil-pessoas-em-lancamento-de-campanha-a-reeleicao-em-jaciara\/","title":{"rendered":"Max Russi re\u00fane 2 mil pessoas em lan\u00e7amento de campanha \u00e0 reelei\u00e7\u00e3o em Jaciara"},"content":{"rendered":"<p><img decoding=\"async\" src=\"https:\/\/odocumento.com.br\/content\/images\/2026\/08\/max-palabque-gil-gomes.jpg\" alt=\"Max Russi re&#xFA;ne 2 mil pessoas em lan&#xE7;amento de campanha &#xE0; reelei&#xE7;&#xE3;o em Jaciara\"><\/p>\n<p>O deputado estadual Max Russi (Podemos) reuniu cerca de 2 mil pessoas no lan&#xE7;amento de sua campanha &#xE0; reelei&#xE7;&#xE3;o, realizado neste s&#xE1;bado (29), em Jaciara, a 144 quil&#xF4;metros de Cuiab&#xE1;. O ato marcou o primeiro de tr&#xEA;s grandes eventos programados pelo parlamentar nesta fase da campanha eleitoral.<\/p>\n<p>Presidente da Assembleia Legislativa de Mato Grosso (ALMT), Max escolheu Jaciara para abrir a s&#xE9;rie de lan&#xE7;amentos por causa da rela&#xE7;&#xE3;o hist&#xF3;rica com o munic&#xED;pio. Foi na cidade que ele iniciou sua trajet&#xF3;ria pol&#xED;tica, h&#xE1; mais de duas d&#xE9;cadas.<\/p>\n<p>O evento tamb&#xE9;m mostrou a for&#xE7;a das alian&#xE7;as constru&#xED;das pelo parlamentar. Participaram o governador Otaviano Pivetta (Republicanos), candidato &#xE0; reelei&#xE7;&#xE3;o, e a deputada estadual Janaina Riva (MDB), candidata ao Senado. Al&#xE9;m disso, estiveram presentes candidatos a deputado federal, prefeitos, vice-prefeitos, vereadores e lideran&#xE7;as pol&#xED;ticas do Vale do S&#xE3;o Louren&#xE7;o.<\/p>\n<p>Durante o discurso, Max relembrou o in&#xED;cio da carreira e destacou o crescimento do apoio pol&#xED;tico conquistado ao longo dos anos.<\/p>\n<p>&#x201C;Se hoje sou presidente da Assembleia Legislativa, minha hist&#xF3;ria come&#xE7;ou aqui. Na minha primeira elei&#xE7;&#xE3;o, tive o apoio de apenas um vereador de Jaciara. Hoje, tenho o apoio dos 11 vereadores, da prefeita, do vice-prefeito e dos quatro prefeitos do Vale do S&#xE3;o Louren&#xE7;o. Eu vivi muita coisa at&#xE9; aqui e quero fazer muito mais por todos&#x201D;, afirmou.<\/p>\n<p>Ao falar sobre a presen&#xE7;a de aproximadamente 3 mil pessoas, Max se emocionou e agradeceu o apoio recebido no munic&#xED;pio. &#x201C;&#xC9; inexplic&#xE1;vel. O cora&#xE7;&#xE3;o est&#xE1; cheio de alegria e emo&#xE7;&#xE3;o. Foi &#xFA;nico, realmente especial. S&#xF3; tenho gratid&#xE3;o pelo amor, pelo carinho e por cada abra&#xE7;o. Tudo o que Jaciara me proporcionou faz parte de onde estou hoje. Eu devo muito a Jaciara e ao Vale do S&#xE3;o Louren&#xE7;o e quero retribuir tudo isso com muito mais trabalho&#x201D;, declarou.<\/p>\n<p>O parlamentar j&#xE1; foi vereador e prefeito de Jaciara antes de chegar &#xE0; Assembleia Legislativa. Atualmente, al&#xE9;m de presidir a ALMT, tamb&#xE9;m comanda o Podemos em Mato Grosso.<\/p>\n<p>Em seu discurso, o governador destacou a experi&#xEA;ncia municipalista compartilhada com Max e defendeu a continuidade da parceria entre o Governo do Estado e a Assembleia Legislativa.<\/p>\n<p>&#x201C;Fui prefeito, assim como o Max, e isso ajudou a criar esse alinhamento. Vamos manter essa parceria para continuar trabalhando pelos munic&#xED;pios e por Mato Grosso&#x201D;, afirmou Pivetta.<\/p>\n<p>Jana&#xED;na tamb&#xE9;m ressaltou a parceria constru&#xED;da com Max na Assembleia e citou como exemplo de entrega de Max, a Vila Aconchego, projeto habitacional destinado &#xE0; popula&#xE7;&#xE3;o idosa implantado em Jaciara.<\/p>\n<p>&#x201C;Vamos continuar essa parceria e ajudar a ampliar um dos melhores projetos do Max, que &#xE9; a Vila Aconchego. &#xC9; uma iniciativa que nasceu em Jaciara e que queremos levar para todo Mato Grosso&#x201D;, afirmou Jana&#xED;na.<\/p>\n<p>Campanha &#x2013; O lan&#xE7;amento em Jaciara abriu uma sequ&#xEA;ncia de tr&#xEA;s grandes mobiliza&#xE7;&#xF5;es da campanha de Max Russi &#xE0; reelei&#xE7;&#xE3;o.<\/p>\n<p>Depois do Vale do S&#xE3;o Louren&#xE7;o, o parlamentar realizar&#xE1; um novo ato em Cuiab&#xE1;, no dia 1&#xBA; de setembro. Em seguida, a campanha segue para Confresa, no dia 11 de setembro, reunindo apoiadores e lideran&#xE7;as da regi&#xE3;o do Araguaia.<\/p>\n<p><strong>Fonte:<\/strong> Pol\u00edtica &#8211; O DOCUMENTO | Confira as principais not\u00edcias de Cuiab\u00e1, Mato Grosso e regi\u00e3o (https:\/\/odocumento.com.br\/max-russi-reune-2-mil-pessoas-em-lancamento-de-campanha-a-reeleicao-em-jaciara\/)<\/p>\n","protected":false},"excerpt":{"rendered":"<p>O deputado estadual Max Russi (Podemos) reuniu cerca de 2 mil pessoas no lan&#xE7;amento de<\/p>\n","protected":false},"author":2,"featured_media":95666,"comment_status":"open","ping_status":"open","sticky":false,"template":"","format":"standard","meta":{"footnotes":""},"categories":[2],"tags":[],"aioseo_notices":[],"_links":{"self":[{"href":"https:\/\/portalnewsgta.com.br\/index.php\/wp-json\/wp\/v2\/posts\/95665"}],"collection":[{"href":"https:\/\/portalnewsgta.com.br\/index.php\/wp-json\/wp\/v2\/posts"}],"about":[{"href":"https:\/\/portalnewsgta.com.br\/index.php\/wp-json\/wp\/v2\/types\/post"}],"author":[{"embeddable":true,"href":"https:\/\/portalnewsgta.com.br\/index.php\/wp-json\/wp\/v2\/users\/2"}],"replies":[{"embeddable":true,"href":"https:\/\/portalnewsgta.com.br\/index.php\/wp-json\/wp\/v2\/comments?post=95665"}],"version-history":[{"count":0,"href":"https:\/\/portalnewsgta.com.br\/index.php\/wp-json\/wp\/v2\/posts\/95665\/revisions"}],"wp:featuredmedia":[{"embeddable":true,"href":"https:\/\/portalnewsgta.com.br\/index.php\/wp-json\/wp\/v2\/media\/95666"}],"wp:attachment":[{"href":"https:\/\/portalnewsgta.com.br\/index.php\/wp-json\/wp\/v2\/media?parent=95665"}],"wp:term":[{"taxonomy":"category","embeddable":true,"href":"https:\/\/portalnewsgta.com.br\/index.php\/wp-json\/wp\/v2\/categories?post=95665"},{"taxonomy":"post_tag","embeddable":true,"href":"https:\/\/portalnewsgta.com.br\/index.php\/wp-json\/wp\/v2\/tags?post=95665"}],"curies":[{"name":"wp","href":"https:\/\/api.w.org\/{rel}","templated":true}]}}