{"id":84327,"date":"2026-04-30T19:55:39","date_gmt":"2026-04-30T22:55:39","guid":{"rendered":"https:\/\/portalnewsgta.com.br\/index.php\/2026\/04\/30\/em-surto-homem-agride-a-mae-coloca-fogo-em-residencia-e-e-preso-apos-fugir-para-matagal\/"},"modified":"2026-04-30T19:55:39","modified_gmt":"2026-04-30T22:55:39","slug":"em-surto-homem-agride-a-mae-coloca-fogo-em-residencia-e-e-preso-apos-fugir-para-matagal","status":"publish","type":"post","link":"https:\/\/portalnewsgta.com.br\/index.php\/2026\/04\/30\/em-surto-homem-agride-a-mae-coloca-fogo-em-residencia-e-e-preso-apos-fugir-para-matagal\/","title":{"rendered":"Em surto, homem agride a m\u00e3e, coloca fogo em resid\u00eancia e \u00e9 preso ap\u00f3s fugir para matagal"},"content":{"rendered":"<p><img decoding=\"async\" src=\"https:\/\/odocumento.com.br\/content\/images\/2026\/04\/WhatsApp-Image-2026-04-30-at-15.02.48.jpeg\" alt=\"Em surto, homem agride a m&#xE3;e, coloca fogo em resid&#xEA;ncia e &#xE9; preso ap&#xF3;s fugir para matagal\"><\/p>\n<p>Equipes militares do 20&#xBA; Batalh&#xE3;o prenderam um homem, de 29 anos, suspeito de agredir e incendiar a resid&#xEA;ncia da pr&#xF3;pria m&#xE3;e, na noite desta quarta-feira (29), no munic&#xED;pio de Ju&#xED;na (745 km de Cuiab&#xE1;). A v&#xED;tima possui medida protetiva contra o denunciado.<\/p>\n<p>De acordo com o boletim de ocorr&#xEA;ncia, o suspeito, que seria usu&#xE1;rio de drogas, chegou em casa em estado alterado e passou a causar danos no im&#xF3;vel. Ao tentar acalm&#xE1;-lo, o padrasto, de 35 anos, e a m&#xE3;e do envolvido, de 52 anos, foram amea&#xE7;ados e agredidos.<\/p>\n<p>Durante a confus&#xE3;o, o suspeito tamb&#xE9;m destruiu o celular da v&#xED;tima. As equipes policiais foram at&#xE9; o local e encontraram o homem escondido em um matagal em frente &#xE0; resid&#xEA;ncia.<\/p>\n<p>Durante a abordagem, foi localizado um isqueiro em seu bolso. O Corpo de Bombeiros foi acionado e conseguiu controlar as chamas, no entanto, o im&#xF3;vel acabou sendo destru&#xED;do pelo inc&#xEA;ndio.<\/p>\n<p>A m&#xE3;e do suspeito informou ainda que ela possui medida protetiva, mas que vem sendo descumprida. O homem foi encaminhado &#xE0; delegacia para registro do boletim de ocorr&#xEA;ncia.&#xA0;<\/p>\n<p><strong>Fonte:<\/strong> Policial &#8211; O DOCUMENTO | Confira as principais not\u00edcias de Cuiab\u00e1, Mato Grosso e regi\u00e3o (https:\/\/odocumento.com.br\/em-surto-homem-agride-a-mae-coloca-fogo-em-residencia-e-e-preso-apos-fugir-para-matagal\/)<\/p>\n","protected":false},"excerpt":{"rendered":"<p>Equipes militares do 20&#xBA; Batalh&#xE3;o prenderam um homem, de 29 anos, suspeito de agredir e<\/p>\n","protected":false},"author":2,"featured_media":84328,"comment_status":"open","ping_status":"open","sticky":false,"template":"","format":"standard","meta":{"footnotes":""},"categories":[8],"tags":[],"aioseo_notices":[],"_links":{"self":[{"href":"https:\/\/portalnewsgta.com.br\/index.php\/wp-json\/wp\/v2\/posts\/84327"}],"collection":[{"href":"https:\/\/portalnewsgta.com.br\/index.php\/wp-json\/wp\/v2\/posts"}],"about":[{"href":"https:\/\/portalnewsgta.com.br\/index.php\/wp-json\/wp\/v2\/types\/post"}],"author":[{"embeddable":true,"href":"https:\/\/portalnewsgta.com.br\/index.php\/wp-json\/wp\/v2\/users\/2"}],"replies":[{"embeddable":true,"href":"https:\/\/portalnewsgta.com.br\/index.php\/wp-json\/wp\/v2\/comments?post=84327"}],"version-history":[{"count":0,"href":"https:\/\/portalnewsgta.com.br\/index.php\/wp-json\/wp\/v2\/posts\/84327\/revisions"}],"wp:featuredmedia":[{"embeddable":true,"href":"https:\/\/portalnewsgta.com.br\/index.php\/wp-json\/wp\/v2\/media\/84328"}],"wp:attachment":[{"href":"https:\/\/portalnewsgta.com.br\/index.php\/wp-json\/wp\/v2\/media?parent=84327"}],"wp:term":[{"taxonomy":"category","embeddable":true,"href":"https:\/\/portalnewsgta.com.br\/index.php\/wp-json\/wp\/v2\/categories?post=84327"},{"taxonomy":"post_tag","embeddable":true,"href":"https:\/\/portalnewsgta.com.br\/index.php\/wp-json\/wp\/v2\/tags?post=84327"}],"curies":[{"name":"wp","href":"https:\/\/api.w.org\/{rel}","templated":true}]}}