{"id":84309,"date":"2026-04-30T17:55:59","date_gmt":"2026-04-30T20:55:59","guid":{"rendered":"https:\/\/portalnewsgta.com.br\/index.php\/2026\/04\/30\/dentista-nao-resiste-e-morre-uma-semana-apos-acidente-entre-ambulancia-e-carreta\/"},"modified":"2026-04-30T17:55:59","modified_gmt":"2026-04-30T20:55:59","slug":"dentista-nao-resiste-e-morre-uma-semana-apos-acidente-entre-ambulancia-e-carreta","status":"publish","type":"post","link":"https:\/\/portalnewsgta.com.br\/index.php\/2026\/04\/30\/dentista-nao-resiste-e-morre-uma-semana-apos-acidente-entre-ambulancia-e-carreta\/","title":{"rendered":"Dentista n\u00e3o resiste e morre uma semana ap\u00f3s acidente entre ambul\u00e2ncia e carreta"},"content":{"rendered":"<p><img decoding=\"async\" src=\"https:\/\/odocumento.com.br\/content\/images\/2026\/04\/4362425931c87b17dbf656b2bba98cbc.png\" alt=\"Dentista n&#xE3;o resiste e morre uma semana ap&#xF3;s acidente entre ambul&#xE2;ncia e carreta\"><\/p>\n<p>A dentista&#xA0;Vanina Macedo Aguiar, de 51 anos, morreu nesta quinta-feira (30), uma semana ap&#xF3;s um acidente entre uma carreta e uma ambulancia na Serra de S&#xE3;o Vicente<a href=\"https:\/\/g1.globo.com\/mt\/mato-grosso\/noticia\/2026\/04\/23\/enfermeira-e-motorista-morrem-apos-carreta-bater-na-traseira-de-ambulancia-em-mt.ghtml?ref=odocumento.com.br\">,<\/a>&#xA0;em Santo Ant&#xF4;nio de Leverger. <\/p>\n<p>A v&#xED;tima era servidora do munic&#xED;pio de Juscimeira (157 km ao Sul) e estava em uma ambul&#xE2;ncia envolvida na colis&#xE3;o com uma carreta. No dia da batida, a enfermeira<strong>&#xA0;<\/strong>Hellen Zanchetta&#xA0;e o motorista&#xA0;William Martins<strong>&#xA0;<\/strong>morreram ainda no local.<\/p>\n<p>O acidente ocorreu quando&#xA0;uma carreta, que teria perdido o freio, bateu na traseira de uma ambul&#xE2;ncia&#xA0;do Servi&#xE7;o de Atendimento M&#xF3;vel de Urg&#xEA;ncia (Samu), onde estavam as v&#xED;timas. Segundo a Pol&#xED;cia Rodovi&#xE1;ria Federal (PRF), uma das hip&#xF3;teses para o acidente &#xE9; a falha no sistema de freios do caminh&#xE3;o<\/p>\n<p>Vanina foi socorrida e levada ao hospital, onde passou por tratamento por sete dias, mas n&#xE3;o resistiu aos ferimentos.<\/p>\n<p>Natural de Juscimeira, ela presidia o Conselho Municipal de Sa&#xFA;de. Em nota, a prefeitura do munic&#xED;pio lamentou a morte e prestou condol&#xEA;ncias aos familiares e amigos.<\/p>\n<p><strong>Fonte:<\/strong> Cidades &#8211; O DOCUMENTO | Confira as principais not\u00edcias de Cuiab\u00e1, Mato Grosso e regi\u00e3o (https:\/\/odocumento.com.br\/dentista-nao-resiste-e-morre-uma-semana-apos-acidente-com-ambulancia\/)<\/p>\n","protected":false},"excerpt":{"rendered":"<p>A dentista&#xA0;Vanina Macedo Aguiar, de 51 anos, morreu nesta quinta-feira (30), uma semana ap&#xF3;s um<\/p>\n","protected":false},"author":2,"featured_media":84310,"comment_status":"open","ping_status":"open","sticky":false,"template":"","format":"standard","meta":{"footnotes":""},"categories":[7],"tags":[],"aioseo_notices":[],"_links":{"self":[{"href":"https:\/\/portalnewsgta.com.br\/index.php\/wp-json\/wp\/v2\/posts\/84309"}],"collection":[{"href":"https:\/\/portalnewsgta.com.br\/index.php\/wp-json\/wp\/v2\/posts"}],"about":[{"href":"https:\/\/portalnewsgta.com.br\/index.php\/wp-json\/wp\/v2\/types\/post"}],"author":[{"embeddable":true,"href":"https:\/\/portalnewsgta.com.br\/index.php\/wp-json\/wp\/v2\/users\/2"}],"replies":[{"embeddable":true,"href":"https:\/\/portalnewsgta.com.br\/index.php\/wp-json\/wp\/v2\/comments?post=84309"}],"version-history":[{"count":0,"href":"https:\/\/portalnewsgta.com.br\/index.php\/wp-json\/wp\/v2\/posts\/84309\/revisions"}],"wp:featuredmedia":[{"embeddable":true,"href":"https:\/\/portalnewsgta.com.br\/index.php\/wp-json\/wp\/v2\/media\/84310"}],"wp:attachment":[{"href":"https:\/\/portalnewsgta.com.br\/index.php\/wp-json\/wp\/v2\/media?parent=84309"}],"wp:term":[{"taxonomy":"category","embeddable":true,"href":"https:\/\/portalnewsgta.com.br\/index.php\/wp-json\/wp\/v2\/categories?post=84309"},{"taxonomy":"post_tag","embeddable":true,"href":"https:\/\/portalnewsgta.com.br\/index.php\/wp-json\/wp\/v2\/tags?post=84309"}],"curies":[{"name":"wp","href":"https:\/\/api.w.org\/{rel}","templated":true}]}}