{"id":84293,"date":"2026-04-30T14:55:43","date_gmt":"2026-04-30T17:55:43","guid":{"rendered":"https:\/\/portalnewsgta.com.br\/index.php\/2026\/04\/30\/pivetta-anuncia-convocacao-de-mais-370-professores-para-a-rede-estadual-de-mato-grosso\/"},"modified":"2026-04-30T14:55:43","modified_gmt":"2026-04-30T17:55:43","slug":"pivetta-anuncia-convocacao-de-mais-370-professores-para-a-rede-estadual-de-mato-grosso","status":"publish","type":"post","link":"https:\/\/portalnewsgta.com.br\/index.php\/2026\/04\/30\/pivetta-anuncia-convocacao-de-mais-370-professores-para-a-rede-estadual-de-mato-grosso\/","title":{"rendered":"Pivetta anuncia convoca\u00e7\u00e3o de mais 370 professores para a rede estadual de Mato Grosso"},"content":{"rendered":"<p><img decoding=\"async\" src=\"https:\/\/odocumento.com.br\/content\/images\/2026\/04\/58d4d499-8979-4d17-9c72-5bf5330822d9.jpg\" alt=\"Pivetta anuncia convoca&#xE7;&#xE3;o de mais 370 professores para a rede estadual de Mato Grosso\"><\/p>\n<p>&#xA0;O governador Otaviano Pivetta anunciou, nesta quinta-feira (30), a convoca&#xE7;&#xE3;o de mais 370 professores, que fazem parte do cadastro reserva do concurso da Educa&#xE7;&#xE3;o e v&#xE3;o atuar na rede estadual de ensino.<\/p>\n<p>Desde o ano passado, 1.230 professores j&#xE1; foram nomeados. Com o novo chamamento, o Estado cumpre a previs&#xE3;o de convocar 1.500 profissionais classificados no concurso.<\/p>\n<p>&#x201C;Estamos avan&#xE7;ando com responsabilidade no ensino em Mato Grosso. Esses novos profissionais efetivos v&#xE3;o contribuir diretamente para melhorar a qualidade do ensino, garantir mais oportunidades para os estudantes e para fazer da nossa rede uma das melhores do Brasil&#x201D;, afirmou o governador.<\/p>\n<p>Os tr&#xE2;mites do processo est&#xE3;o sendo conduzidos pela Secretaria de Estado de Educa&#xE7;&#xE3;o (Seduc) e a Secretaria de Planejamento e Gest&#xE3;o (Seplag).<\/p>\n<p>&#x201C;Estamos na fase da segunda chamada do cadastro de reserva para completar o certame. N&#xF3;s estamos ansiosos para ter os servidores na rede e &#xE9; assim que vamos fazer uma educa&#xE7;&#xE3;o de qualidade para o nosso estado&#x201D;, ressaltou a secret&#xE1;ria de Estado de Educa&#xE7;&#xE3;o, Flavia Emanuelle.<\/p>\n<p><strong>Fonte:<\/strong> Cidades &#8211; O DOCUMENTO | Confira as principais not\u00edcias de Cuiab\u00e1, Mato Grosso e regi\u00e3o (https:\/\/odocumento.com.br\/pivetta-anuncia-convocacao-de-mais-370-professores-para-a-rede-estadual-de-mato-grosso\/)<\/p>\n","protected":false},"excerpt":{"rendered":"<p>&#xA0;O governador Otaviano Pivetta anunciou, nesta quinta-feira (30), a convoca&#xE7;&#xE3;o de mais 370 professores, que<\/p>\n","protected":false},"author":2,"featured_media":84294,"comment_status":"open","ping_status":"open","sticky":false,"template":"","format":"standard","meta":{"footnotes":""},"categories":[7],"tags":[],"aioseo_notices":[],"_links":{"self":[{"href":"https:\/\/portalnewsgta.com.br\/index.php\/wp-json\/wp\/v2\/posts\/84293"}],"collection":[{"href":"https:\/\/portalnewsgta.com.br\/index.php\/wp-json\/wp\/v2\/posts"}],"about":[{"href":"https:\/\/portalnewsgta.com.br\/index.php\/wp-json\/wp\/v2\/types\/post"}],"author":[{"embeddable":true,"href":"https:\/\/portalnewsgta.com.br\/index.php\/wp-json\/wp\/v2\/users\/2"}],"replies":[{"embeddable":true,"href":"https:\/\/portalnewsgta.com.br\/index.php\/wp-json\/wp\/v2\/comments?post=84293"}],"version-history":[{"count":0,"href":"https:\/\/portalnewsgta.com.br\/index.php\/wp-json\/wp\/v2\/posts\/84293\/revisions"}],"wp:featuredmedia":[{"embeddable":true,"href":"https:\/\/portalnewsgta.com.br\/index.php\/wp-json\/wp\/v2\/media\/84294"}],"wp:attachment":[{"href":"https:\/\/portalnewsgta.com.br\/index.php\/wp-json\/wp\/v2\/media?parent=84293"}],"wp:term":[{"taxonomy":"category","embeddable":true,"href":"https:\/\/portalnewsgta.com.br\/index.php\/wp-json\/wp\/v2\/categories?post=84293"},{"taxonomy":"post_tag","embeddable":true,"href":"https:\/\/portalnewsgta.com.br\/index.php\/wp-json\/wp\/v2\/tags?post=84293"}],"curies":[{"name":"wp","href":"https:\/\/api.w.org\/{rel}","templated":true}]}}