{"id":84267,"date":"2026-04-30T10:56:55","date_gmt":"2026-04-30T13:56:55","guid":{"rendered":"https:\/\/portalnewsgta.com.br\/index.php\/2026\/04\/30\/sargento-da-pm-baleado-na-boca-dentro-de-quartel-nao-resiste-e-morre-em-hospital-de-cuiaba\/"},"modified":"2026-04-30T10:56:55","modified_gmt":"2026-04-30T13:56:55","slug":"sargento-da-pm-baleado-na-boca-dentro-de-quartel-nao-resiste-e-morre-em-hospital-de-cuiaba","status":"publish","type":"post","link":"https:\/\/portalnewsgta.com.br\/index.php\/2026\/04\/30\/sargento-da-pm-baleado-na-boca-dentro-de-quartel-nao-resiste-e-morre-em-hospital-de-cuiaba\/","title":{"rendered":"Sargento da PM baleado na boca dentro de quartel n\u00e3o resiste e morre em hospital de Cuiab\u00e1"},"content":{"rendered":"<p><img decoding=\"async\" src=\"https:\/\/odocumento.com.br\/content\/images\/2026\/04\/c200884a2111789858595259e455b794.jpg\" alt=\"Sargento da PM baleado na boca dentro de quartel n&#xE3;o resiste e morre em hospital de Cuiab&#xE1;\"><\/p>\n<p><strong><em>Conte&#xFA;do\/ODOC<\/em><\/strong> &#8211; O sargento da Pol&#xED;cia Militar baleado nesta quarta-feira (29) dentro do quartel da Companhia Independente de Rondas e A&#xE7;&#xF5;es Intensivas e Ostensivas (Raio), no bairro Jardim Leblon, em Cuiab&#xE1;, n&#xE3;o resistiu aos ferimentos e morreu.<\/p>\n<p>A v&#xED;tima foi identificada como o segundo-sargento da reserva remunerada Marcos Jonildes Corr&#xEA;a, de 61 anos. Ele chegou a ser socorrido ap&#xF3;s o disparo, que atingiu a regi&#xE3;o da boca, e foi encaminhado de helic&#xF3;ptero pelo Centro Integrado de Opera&#xE7;&#xF5;es A&#xE9;reas ao Hospital Municipal de Cuiab&#xE1;, onde o &#xF3;bito foi confirmado.<\/p>\n<p>As informa&#xE7;&#xF5;es iniciais apontam que o pr&#xF3;prio militar teria efetuado o disparo. As circunst&#xE2;ncias do caso, no entanto, ainda ser&#xE3;o apuradas.<\/p>\n<p>Natural de Cuiab&#xE1;, Corr&#xEA;a ingressou na Pol&#xED;cia Militar em 1988 e, mesmo na reserva, estava vinculado &#xE0; unidade do Raio no 1&#xBA; Comando Regional.<\/p>\n<p>Em nota, a Pol&#xED;cia Militar de Mato Grosso lamentou a morte do sargento e informou que est&#xE1; prestando apoio psicol&#xF3;gico aos familiares. O comandante-geral da corpora&#xE7;&#xE3;o, coronel Claudio Fernando Carneiro Tinoco, manifestou condol&#xEA;ncias a amigos e parentes.<\/p>\n<p>Informa&#xE7;&#xF5;es sobre vel&#xF3;rio e sepultamento ainda n&#xE3;o foram divulgadas.<\/p>\n<figure class=\"kg-card kg-image-card\"><img decoding=\"async\" src=\"https:\/\/odocumento.com.br\/content\/images\/2026\/04\/818e7a7c-a520-4f45-9827-c77f8cfd1705.jpg\" class=\"kg-image\" alt=\"Sargento da PM baleado na boca dentro de quartel n&#xE3;o resiste e morre em hospital de Cuiab&#xE1;\" loading=\"lazy\" width=\"768\" height=\"1024\"><\/figure>\n<p><strong>Fonte:<\/strong> Policial &#8211; O DOCUMENTO | Confira as principais not\u00edcias de Cuiab\u00e1, Mato Grosso e regi\u00e3o (https:\/\/odocumento.com.br\/sargento-da-pm-baleado-na-boca-dentro-de-quartel-nao-resiste-e-morre-em-cuiaba\/)<\/p>\n","protected":false},"excerpt":{"rendered":"<p>Conte&#xFA;do\/ODOC &#8211; O sargento da Pol&#xED;cia Militar baleado nesta quarta-feira (29) dentro do quartel da<\/p>\n","protected":false},"author":2,"featured_media":84268,"comment_status":"open","ping_status":"open","sticky":false,"template":"","format":"standard","meta":{"footnotes":""},"categories":[8],"tags":[],"aioseo_notices":[],"_links":{"self":[{"href":"https:\/\/portalnewsgta.com.br\/index.php\/wp-json\/wp\/v2\/posts\/84267"}],"collection":[{"href":"https:\/\/portalnewsgta.com.br\/index.php\/wp-json\/wp\/v2\/posts"}],"about":[{"href":"https:\/\/portalnewsgta.com.br\/index.php\/wp-json\/wp\/v2\/types\/post"}],"author":[{"embeddable":true,"href":"https:\/\/portalnewsgta.com.br\/index.php\/wp-json\/wp\/v2\/users\/2"}],"replies":[{"embeddable":true,"href":"https:\/\/portalnewsgta.com.br\/index.php\/wp-json\/wp\/v2\/comments?post=84267"}],"version-history":[{"count":0,"href":"https:\/\/portalnewsgta.com.br\/index.php\/wp-json\/wp\/v2\/posts\/84267\/revisions"}],"wp:featuredmedia":[{"embeddable":true,"href":"https:\/\/portalnewsgta.com.br\/index.php\/wp-json\/wp\/v2\/media\/84268"}],"wp:attachment":[{"href":"https:\/\/portalnewsgta.com.br\/index.php\/wp-json\/wp\/v2\/media?parent=84267"}],"wp:term":[{"taxonomy":"category","embeddable":true,"href":"https:\/\/portalnewsgta.com.br\/index.php\/wp-json\/wp\/v2\/categories?post=84267"},{"taxonomy":"post_tag","embeddable":true,"href":"https:\/\/portalnewsgta.com.br\/index.php\/wp-json\/wp\/v2\/tags?post=84267"}],"curies":[{"name":"wp","href":"https:\/\/api.w.org\/{rel}","templated":true}]}}