{"id":84247,"date":"2026-04-29T21:55:47","date_gmt":"2026-04-30T00:55:47","guid":{"rendered":"https:\/\/portalnewsgta.com.br\/index.php\/2026\/04\/29\/seduc-divulga-resultado-final-da-pos-graduacao-em-tea-e-inicia-convocacoes-nesta-quarta-feira\/"},"modified":"2026-04-29T21:55:47","modified_gmt":"2026-04-30T00:55:47","slug":"seduc-divulga-resultado-final-da-pos-graduacao-em-tea-e-inicia-convocacoes-nesta-quarta-feira","status":"publish","type":"post","link":"https:\/\/portalnewsgta.com.br\/index.php\/2026\/04\/29\/seduc-divulga-resultado-final-da-pos-graduacao-em-tea-e-inicia-convocacoes-nesta-quarta-feira\/","title":{"rendered":"Seduc divulga resultado final da p\u00f3s-gradua\u00e7\u00e3o em TEA e inicia convoca\u00e7\u00f5es nesta quarta-feira"},"content":{"rendered":"<p><img decoding=\"async\" src=\"https:\/\/odocumento.com.br\/content\/images\/2026\/04\/d339dcd0-c7d2-4606-832a-3675642ce8c1--2-.jpg\" alt=\"Seduc divulga resultado final da p&#xF3;s-gradua&#xE7;&#xE3;o em TEA e inicia convoca&#xE7;&#xF5;es nesta quarta-feira\"><\/p>\n<p>A Secretaria de Estado de Educa&#xE7;&#xE3;o de Mato Grosso (Seduc-MT) divulgou, nesta ter&#xE7;a-feira (28), o resultado final do processo seletivo simplificado para cursos de p&#xF3;s-gradua&#xE7;&#xE3;o e de forma&#xE7;&#xE3;o continuada em Transtorno do Espectro Autista (TEA). <\/p>\n<p>Ao todo, foram ofertadas 3 mil vagas por meio do programa EducAutismo, voltado a profissionais da Rede Estadual de Ensino. A convoca&#xE7;&#xE3;o dos selecionados come&#xE7;a nesta quarta-feira (29) e segue at&#xE9; o dia 4 de maio.<\/p>\n<p>A iniciativa contempla professores, coordenadores pedag&#xF3;gicos, diretores escolares, profissionais de apoio especializado, bem como psic&#xF3;logos e assistentes sociais que atuam nas unidades escolares e nas Diretorias Regionais de Educa&#xE7;&#xE3;o. O objetivo &#xE9; fortalecer a qualifica&#xE7;&#xE3;o dos profissionais que atuam diretamente com estudantes da educa&#xE7;&#xE3;o b&#xE1;sica, incluindo a Educa&#xE7;&#xE3;o de Jovens e Adultos (EJA).<\/p>\n<p>O processo seletivo ocorreu em etapa &#xFA;nica, com an&#xE1;lise das inscri&#xE7;&#xF5;es realizadas entre os dias 6 e 15 de abril, exclusivamente pelo Portal PAS. Al&#xE9;m das vagas imediatas, foi criado um cadastro de reserva. A organiza&#xE7;&#xE3;o da classifica&#xE7;&#xE3;o ficou sob responsabilidade das Diretorias Regionais de Educa&#xE7;&#xE3;o (DREs) e da Diretoria Metropolitana de Educa&#xE7;&#xE3;o (DME).<\/p>\n<p>O edital garantiu ainda a reserva de 10% das vagas para pessoas com defici&#xEA;ncia, assegurando condi&#xE7;&#xF5;es de igualdade no acesso &#xE0; forma&#xE7;&#xE3;o. Os cursos ser&#xE3;o ofertados na modalidade h&#xED;brida, com atividades on-line e encontros presenciais opcionais, e ter&#xE3;o dura&#xE7;&#xE3;o m&#xED;nima de 12 meses.<\/p>\n<p>Confira&#xA0;<a href=\"https:\/\/www3.seduc.mt.gov.br\/pas\/pss-2026\/-\/asset_publisher\/bhjq2Aeg8ThY\/content\/processo-seletivo-simplificado-n%C2%BA-07-2026-gs-seduc-mt-para-sele%C3%A7%C3%A3o-de-servidores-da-rede-estadual-de-ensino-para-participa%C3%A7%C3%A3o-em-curso-de-p%C3%B3s-gradua%C3%A7%C3%A3o-e-forma%C3%A7%C3%A3o-continuada-em-transtorno-do-espectro-autis?p_r_p_assetEntryId=78583100&amp;_com_liferay_asset_publisher_web_portlet_AssetPublisherPortlet_INSTANCE_bhjq2Aeg8ThY_redirect=https%3A%2F%2Fwww3.seduc.mt.gov.br%2Fpas%2Fpss-2026%3Fp_p_id%3Dcom_liferay_asset_publisher_web_portlet_AssetPublisherPortlet_INSTANCE_bhjq2Aeg8ThY%26p_p_lifecycle%3D0%26p_p_state%3Dnormal%26p_p_mode%3Dview%26p_r_p_assetEntryId%3D78583100%26_com_liferay_asset_publisher_web_portlet_AssetPublisherPortlet_INSTANCE_bhjq2Aeg8ThY_cur%3D0%26p_r_p_resetCur%3Dfalse&amp;ref=odocumento.com.br#78583100\"><strong>AQUI<\/strong><\/a>&#xA0;o resultado<\/p>\n<p><strong>Cronograma<\/strong><\/p>\n<ul>\n<li>Inscri&#xE7;&#xF5;es: 06 a 15 de abril de 2026&#xA0;<\/li>\n<li>An&#xE1;lise das inscri&#xE7;&#xF5;es: 16 a 22 de abril&#xA0;<\/li>\n<li>Resultado preliminar: 22 de abril (a partir das 18h)&#xA0;<\/li>\n<li>Per&#xED;odo de recursos: 22 e 23 de abril&#xA0;<\/li>\n<li>Resultado final: 28 de abril&#xA0;<\/li>\n<li>Convoca&#xE7;&#xE3;o: 29 de abril a 4 de maio&#xA0;<\/li>\n<li>In&#xED;cio das aulas: 15 de maio de 2026<\/li>\n<\/ul>\n<p><strong>Fonte:<\/strong> Cidades &#8211; O DOCUMENTO | Confira as principais not\u00edcias de Cuiab\u00e1, Mato Grosso e regi\u00e3o (https:\/\/odocumento.com.br\/seduc-divulga-resultado-final-da-pos-graduacao-em-tea-e-inicia-convocacoes-nesta-quarta-feira\/)<\/p>\n","protected":false},"excerpt":{"rendered":"<p>A Secretaria de Estado de Educa&#xE7;&#xE3;o de Mato Grosso (Seduc-MT) divulgou, nesta ter&#xE7;a-feira (28), o<\/p>\n","protected":false},"author":2,"featured_media":84248,"comment_status":"open","ping_status":"open","sticky":false,"template":"","format":"standard","meta":{"footnotes":""},"categories":[7],"tags":[],"aioseo_notices":[],"_links":{"self":[{"href":"https:\/\/portalnewsgta.com.br\/index.php\/wp-json\/wp\/v2\/posts\/84247"}],"collection":[{"href":"https:\/\/portalnewsgta.com.br\/index.php\/wp-json\/wp\/v2\/posts"}],"about":[{"href":"https:\/\/portalnewsgta.com.br\/index.php\/wp-json\/wp\/v2\/types\/post"}],"author":[{"embeddable":true,"href":"https:\/\/portalnewsgta.com.br\/index.php\/wp-json\/wp\/v2\/users\/2"}],"replies":[{"embeddable":true,"href":"https:\/\/portalnewsgta.com.br\/index.php\/wp-json\/wp\/v2\/comments?post=84247"}],"version-history":[{"count":0,"href":"https:\/\/portalnewsgta.com.br\/index.php\/wp-json\/wp\/v2\/posts\/84247\/revisions"}],"wp:featuredmedia":[{"embeddable":true,"href":"https:\/\/portalnewsgta.com.br\/index.php\/wp-json\/wp\/v2\/media\/84248"}],"wp:attachment":[{"href":"https:\/\/portalnewsgta.com.br\/index.php\/wp-json\/wp\/v2\/media?parent=84247"}],"wp:term":[{"taxonomy":"category","embeddable":true,"href":"https:\/\/portalnewsgta.com.br\/index.php\/wp-json\/wp\/v2\/categories?post=84247"},{"taxonomy":"post_tag","embeddable":true,"href":"https:\/\/portalnewsgta.com.br\/index.php\/wp-json\/wp\/v2\/tags?post=84247"}],"curies":[{"name":"wp","href":"https:\/\/api.w.org\/{rel}","templated":true}]}}