{"id":84237,"date":"2026-04-29T20:55:41","date_gmt":"2026-04-29T23:55:41","guid":{"rendered":"https:\/\/portalnewsgta.com.br\/index.php\/2026\/04\/29\/senado-rejeita-indicacao-de-messias-para-o-stf-veto-e-o-primeiro-em-132-anos\/"},"modified":"2026-04-29T20:55:41","modified_gmt":"2026-04-29T23:55:41","slug":"senado-rejeita-indicacao-de-messias-para-o-stf-veto-e-o-primeiro-em-132-anos","status":"publish","type":"post","link":"https:\/\/portalnewsgta.com.br\/index.php\/2026\/04\/29\/senado-rejeita-indicacao-de-messias-para-o-stf-veto-e-o-primeiro-em-132-anos\/","title":{"rendered":"Senado rejeita indica\u00e7\u00e3o de Messias para o STF; veto \u00e9 o primeiro em 132 anos"},"content":{"rendered":"<p><img decoding=\"async\" src=\"https:\/\/odocumento.com.br\/content\/images\/2026\/04\/1_-mg-8392-66396619.webp\" alt=\"Senado rejeita indica&#xE7;&#xE3;o de Messias para o STF; veto &#xE9; o primeiro em 132 anos\"><\/p>\n<p><strong><em>Terra<\/em><\/strong> &#8211; O Plen&#xE1;rio do Senado rejeitou, nesta quarta-feira, 29, o nome de Jorge Messias para ocupar o cargo de ministro do Supremo Tribunal Federal (STF). Foram 42 votos contr&#xE1;rios e 34 a favor da nomea&#xE7;&#xE3;o. Mais cedo, Messias teve seu nome aprovado em sabatina na Comiss&#xE3;o de Constitui&#xE7;&#xE3;o e Justi&#xE7;a (CCJ), em uma reuni&#xE3;o que durou cerca de oito horas.<\/p>\n<p>Ap&#xF3;s a divulga&#xE7;&#xE3;o dos votos, os senadores de oposi&#xE7;&#xE3;o do governo do presidente Luiz In&#xE1;cio Lula da Silva (PT) comemoraram o resultado. O presidente da Casa, Davi Alcolumbre, teve de pedir aten&#xE7;&#xE3;o dos parlamentares antes da confirma&#xE7;&#xE3;o dos n&#xFA;meros.<\/p>\n<p>Com a vota&#xE7;&#xE3;o secreta, o nome indicado pelo presidente da Rep&#xFA;blica necessitava de voto favor&#xE1;vel de ao menos 41 dos 81 senadores. O governo acreditava ter o apoio de 45, o que n&#xE3;o aconteceu.<\/p>\n<p>Essa &#xE9; a primeira vez em 132 anos que uma indica&#xE7;&#xE3;o do presidente &#xE9; rejeitada. A &#xFA;ltima vez que aconteceu foi em 1894, no governo Floriano Peixoto.<\/p>\n<p>Na reuni&#xE3;o de mais cedo, Messias afirmou que, apesar de sua identidade evang&#xE9;lica, pretende respeitar a laicidade do Estado. &quot;Minha identidade &#xE9; evang&#xE9;lica, todavia eu tenho plena clareza que o Estado constitucional &#xE9; laico, uma laicidade clara, mas colaborativa que fomenta o di&#xE1;logo construtivo entre o estado e todas as religi&#xF5;es&#x201D;.<\/p>\n<p>Messias tamb&#xE9;m afirmou ser contra o aborto, mas defendeu uma atua&#xE7;&#xE3;o sem ativismo em temas sens&#xED;veis na Corte. &quot;Sou totalmente contra o aborto, absolutamente, mas da minha parte n&#xE3;o haver&#xE1; qualquer tipo de a&#xE7;&#xE3;o de ativismo em rela&#xE7;&#xE3;o ao tema aborto na minha jurisdi&#xE7;&#xE3;o constitucional&#x201D;, enfatizou.<\/p>\n<p>Ainda sobre ativismo judicial, Messias disse ter uma &quot;extrema preocupa&#xE7;&#xE3;o&quot; e que discorda que o STF seja pressionado a atuar como uma &quot;terceira Casa Legislativa&quot;. Segundo ele, a Corte n&#xE3;o pode servir como uma esp&#xE9;cie de &quot;Procon da pol&#xED;tica&quot;.<\/p>\n<p><strong>Fonte:<\/strong> Pol\u00edtica &#8211; O DOCUMENTO | Confira as principais not\u00edcias de Cuiab\u00e1, Mato Grosso e regi\u00e3o (https:\/\/odocumento.com.br\/senado-rejeita-indicacao-de-messias-para-o-stf-veto-e-o-primeiro-em-132-anos\/)<\/p>\n","protected":false},"excerpt":{"rendered":"<p>Terra &#8211; O Plen&#xE1;rio do Senado rejeitou, nesta quarta-feira, 29, o nome de Jorge Messias<\/p>\n","protected":false},"author":2,"featured_media":84238,"comment_status":"open","ping_status":"open","sticky":false,"template":"","format":"standard","meta":{"footnotes":""},"categories":[2],"tags":[],"aioseo_notices":[],"_links":{"self":[{"href":"https:\/\/portalnewsgta.com.br\/index.php\/wp-json\/wp\/v2\/posts\/84237"}],"collection":[{"href":"https:\/\/portalnewsgta.com.br\/index.php\/wp-json\/wp\/v2\/posts"}],"about":[{"href":"https:\/\/portalnewsgta.com.br\/index.php\/wp-json\/wp\/v2\/types\/post"}],"author":[{"embeddable":true,"href":"https:\/\/portalnewsgta.com.br\/index.php\/wp-json\/wp\/v2\/users\/2"}],"replies":[{"embeddable":true,"href":"https:\/\/portalnewsgta.com.br\/index.php\/wp-json\/wp\/v2\/comments?post=84237"}],"version-history":[{"count":0,"href":"https:\/\/portalnewsgta.com.br\/index.php\/wp-json\/wp\/v2\/posts\/84237\/revisions"}],"wp:featuredmedia":[{"embeddable":true,"href":"https:\/\/portalnewsgta.com.br\/index.php\/wp-json\/wp\/v2\/media\/84238"}],"wp:attachment":[{"href":"https:\/\/portalnewsgta.com.br\/index.php\/wp-json\/wp\/v2\/media?parent=84237"}],"wp:term":[{"taxonomy":"category","embeddable":true,"href":"https:\/\/portalnewsgta.com.br\/index.php\/wp-json\/wp\/v2\/categories?post=84237"},{"taxonomy":"post_tag","embeddable":true,"href":"https:\/\/portalnewsgta.com.br\/index.php\/wp-json\/wp\/v2\/tags?post=84237"}],"curies":[{"name":"wp","href":"https:\/\/api.w.org\/{rel}","templated":true}]}}