{"id":84191,"date":"2026-04-29T13:55:42","date_gmt":"2026-04-29T16:55:42","guid":{"rendered":"https:\/\/portalnewsgta.com.br\/index.php\/2026\/04\/29\/periodo-proibitivo-de-uso-do-fogo-sera-de-1o-de-julho-a-30-de-novembro-em-mato-grosso\/"},"modified":"2026-04-29T13:55:42","modified_gmt":"2026-04-29T16:55:42","slug":"periodo-proibitivo-de-uso-do-fogo-sera-de-1o-de-julho-a-30-de-novembro-em-mato-grosso","status":"publish","type":"post","link":"https:\/\/portalnewsgta.com.br\/index.php\/2026\/04\/29\/periodo-proibitivo-de-uso-do-fogo-sera-de-1o-de-julho-a-30-de-novembro-em-mato-grosso\/","title":{"rendered":"Per\u00edodo proibitivo de uso do fogo ser\u00e1 de 1\u00ba de julho a 30 de novembro em Mato Grosso"},"content":{"rendered":"<p><img decoding=\"async\" src=\"https:\/\/odocumento.com.br\/content\/images\/2026\/04\/Combate----inc--ndios-no-Pantanal-63.jpg\" alt=\"Per&#xED;odo proibitivo de uso do fogo ser&#xE1; de 1&#xBA; de julho a 30 de novembro em Mato Grosso\"><\/p>\n<p>O Governo de Mato Grosso publicou, nesta quarta-feira (29), o decreto que declara situa&#xE7;&#xE3;o de emerg&#xEA;ncia ambiental no Estado e estabelece o per&#xED;odo proibitivo de uso do fogo, em decorr&#xEA;ncia dos riscos de inc&#xEA;ndios florestais.<\/p>\n<p>Este ano, o uso do fogo para limpeza e manejo de &#xE1;reas localizadas nos tr&#xEA;s biomas existentes no estado (Amaz&#xF4;nia, Cerrado e Pantanal) ser&#xE1; de 1&#xBA; de julho a 30 de novembro.&#xA0;<\/p>\n<p>A medida leva em considera&#xE7;&#xE3;o as previs&#xF5;es de condi&#xE7;&#xF5;es clim&#xE1;ticas adversas, como estiagem prolongada, altas temperaturas, ondas de calor, baixa umidade relativa do ar e ventos intensos, que favorecem as ocorr&#xEA;ncias de inc&#xEA;ndios florestais.<\/p>\n<p>Conforme o decreto, em caso de altera&#xE7;&#xE3;o nas condi&#xE7;&#xF5;es clim&#xE1;ticas ao longo do ano, o per&#xED;odo de restri&#xE7;&#xE3;o ao uso do fogo poder&#xE1; ser prorrogado ou antecipado pelo &#xF3;rg&#xE3;o estadual competente.<\/p>\n<p>A norma estabelece ainda que a proibi&#xE7;&#xE3;o ao uso do fogo n&#xE3;o se aplica &#xE0;s queimas excepcionais realizadas ou supervisionadas por institui&#xE7;&#xF5;es p&#xFA;blicas respons&#xE1;veis pela preven&#xE7;&#xE3;o e combate a inc&#xEA;ndios florestais.<\/p>\n<p>O decreto institui tamb&#xE9;m a Sala de Situa&#xE7;&#xE3;o Central (SSC) que ir&#xE1; atuar como &#xF3;rg&#xE3;o consultivo e deliberativo para a fase de respostas durante a temporada de inc&#xEA;ndios, que vai de 1&#xBA; de julho a 30 de novembro.&#xA0;Entre as atribui&#xE7;&#xF5;es da Sala est&#xE3;o o fortalecimento das a&#xE7;&#xF5;es de monitoriza&#xE7;&#xE3;o, delibera&#xE7;&#xE3;o t&#xE9;cnica, otimiza&#xE7;&#xE3;o de recursos e resposta r&#xE1;pida &#xE0;s queimadas ilegais e aos inc&#xEA;ndios florestais, de forma integrada com os diversos n&#xED;veis de governo.<\/p>\n<p>&#xA0;A coordena&#xE7;&#xE3;o da Sala&#xA0;de Situa&#xE7;&#xE3;o Central ficar&#xE1; a cargo do Corpo de Bombeiros Militar, por meio de sua Diretoria Operacional.<\/p>\n<p><strong>Fonte:<\/strong> Cidades &#8211; O DOCUMENTO | Confira as principais not\u00edcias de Cuiab\u00e1, Mato Grosso e regi\u00e3o (https:\/\/odocumento.com.br\/periodo-proibitivo-de-uso-do-fogo-sera-de-1o-de-julho-a-30-de-novembro-em-mato-grosso\/)<\/p>\n","protected":false},"excerpt":{"rendered":"<p>O Governo de Mato Grosso publicou, nesta quarta-feira (29), o decreto que declara situa&#xE7;&#xE3;o de<\/p>\n","protected":false},"author":2,"featured_media":84192,"comment_status":"open","ping_status":"open","sticky":false,"template":"","format":"standard","meta":{"footnotes":""},"categories":[7],"tags":[],"aioseo_notices":[],"_links":{"self":[{"href":"https:\/\/portalnewsgta.com.br\/index.php\/wp-json\/wp\/v2\/posts\/84191"}],"collection":[{"href":"https:\/\/portalnewsgta.com.br\/index.php\/wp-json\/wp\/v2\/posts"}],"about":[{"href":"https:\/\/portalnewsgta.com.br\/index.php\/wp-json\/wp\/v2\/types\/post"}],"author":[{"embeddable":true,"href":"https:\/\/portalnewsgta.com.br\/index.php\/wp-json\/wp\/v2\/users\/2"}],"replies":[{"embeddable":true,"href":"https:\/\/portalnewsgta.com.br\/index.php\/wp-json\/wp\/v2\/comments?post=84191"}],"version-history":[{"count":0,"href":"https:\/\/portalnewsgta.com.br\/index.php\/wp-json\/wp\/v2\/posts\/84191\/revisions"}],"wp:featuredmedia":[{"embeddable":true,"href":"https:\/\/portalnewsgta.com.br\/index.php\/wp-json\/wp\/v2\/media\/84192"}],"wp:attachment":[{"href":"https:\/\/portalnewsgta.com.br\/index.php\/wp-json\/wp\/v2\/media?parent=84191"}],"wp:term":[{"taxonomy":"category","embeddable":true,"href":"https:\/\/portalnewsgta.com.br\/index.php\/wp-json\/wp\/v2\/categories?post=84191"},{"taxonomy":"post_tag","embeddable":true,"href":"https:\/\/portalnewsgta.com.br\/index.php\/wp-json\/wp\/v2\/tags?post=84191"}],"curies":[{"name":"wp","href":"https:\/\/api.w.org\/{rel}","templated":true}]}}