{"id":84179,"date":"2026-04-29T09:56:08","date_gmt":"2026-04-29T12:56:08","guid":{"rendered":"https:\/\/portalnewsgta.com.br\/index.php\/2026\/04\/29\/jovem-e-indenizado-apos-acidente-com-eletricidade-no-primeiro-emprego-em-mt\/"},"modified":"2026-04-29T09:56:08","modified_gmt":"2026-04-29T12:56:08","slug":"jovem-e-indenizado-apos-acidente-com-eletricidade-no-primeiro-emprego-em-mt","status":"publish","type":"post","link":"https:\/\/portalnewsgta.com.br\/index.php\/2026\/04\/29\/jovem-e-indenizado-apos-acidente-com-eletricidade-no-primeiro-emprego-em-mt\/","title":{"rendered":"Jovem \u00e9 indenizado ap\u00f3s acidente com eletricidade no primeiro emprego em MT"},"content":{"rendered":"<p><img decoding=\"async\" src=\"https:\/\/odocumento.com.br\/content\/images\/2026\/04\/tp-site_1_1.png\" alt=\"Jovem &#xE9; indenizado ap&#xF3;s acidente com eletricidade no primeiro emprego em MT\"><\/p>\n<p>Um instalador de rede el&#xE9;trica, de 20 anos, garantiu na Justi&#xE7;a pens&#xE3;o e indeniza&#xE7;&#xE3;o ap&#xF3;s sofrer um grave acidente durante a jornada de trabalho no seu primeiro emprego formal. Ele recebeu uma descarga el&#xE9;trica que provocou queimaduras de terceiro grau em v&#xE1;rias partes do corpo e les&#xF5;es neurol&#xF3;gicas, ficando incapacitado para exercer a profiss&#xE3;o.<\/p>\n<p>A decis&#xE3;o foi proferida no in&#xED;cio do m&#xEA;s pelo juiz Jo&#xE3;o Lucas Degraf, em atua&#xE7;&#xE3;o na Vara do Trabalho de Primavera do Leste, em per&#xED;odo que coincide com a campanha Abril Verde, voltada &#xE0; preven&#xE7;&#xE3;o de acidentes e doen&#xE7;as relacionadas ao trabalho.<\/p>\n<p>Na senten&#xE7;a, o magistrado reconheceu a responsabilidade objetiva da empresa, aplic&#xE1;vel quando a atividade desenvolvida, por sua pr&#xF3;pria natureza, exp&#xF5;e os empregados a risco acentuado. &#x201C;&#xC9; justamente o caso, porque as atividades exercidas pelo reclamante enquanto instalador e reparador de rede de comunica&#xE7;&#xE3;o o deixavam sujeito a riscos maiores que das profiss&#xF5;es em geral&#x201D;, afirmou.<\/p>\n<p>O juiz ressaltou que os riscos em atividades com energia el&#xE9;trica s&#xE3;o not&#xF3;rios e que a pr&#xF3;pria empresa reconhecia a periculosidade da fun&#xE7;&#xE3;o ao pagar adicional espec&#xED;fico ao empregado. Tamb&#xE9;m observou que a manuten&#xE7;&#xE3;o de equipamentos el&#xE9;tricos, principal atividade da empresa, &#xE9; classificada como de risco grave, condi&#xE7;&#xE3;o que estava mapeada no programa de sa&#xFA;de ocupacional da empregadora.<\/p>\n<p>A empresa alegou que o acidente teria ocorrido por culpa exclusiva do trabalhador, sob o argumento de que ele n&#xE3;o teria utilizado equipamentos de prote&#xE7;&#xE3;o individual e&#xA0; desobedecido ordem superior ao subir no poste. No entanto, em depoimento, a pr&#xF3;pria representante da empresa afirmou que o empregado utilizava os EPIs e que n&#xE3;o houve ordem direta para impedir a realiza&#xE7;&#xE3;o do reparo naquele momento.<\/p>\n<p>O supervisor respons&#xE1;vel informou, em seu testemunho &#xE0; Justi&#xE7;a, que n&#xE3;o manteve contato com o trabalhador no momento do acidente por falta de sinal de celular, mas disse que o &#x201C;procedimento padr&#xE3;o&#x201D; foi observado: a atividade foi inicialmente suspensa por causa da chuva e retomada quando as condi&#xE7;&#xF5;es melhoraram. O magistrado concluiu, assim, que n&#xE3;o h&#xE1; como imputar responsabilidade ou culpa ao trabalhador. &#x201C;Ele estava utilizando os equipamentos de prote&#xE7;&#xE3;o individual e adotou o &#x2018;procedimento padr&#xE3;o&#x2019;&#x201D;, registrou.<\/p>\n<p>A decis&#xE3;o tamb&#xE9;m apontou a falta de comprova&#xE7;&#xE3;ode que o trabalhador possu&#xED;a capacita&#xE7;&#xE3;o espec&#xED;fica em seguran&#xE7;a para servi&#xE7;os com eletricidade, exigida pela Norma Regulamentadora 10. Para o juiz, &#x201C;o que se verifica, portanto, &#xE9; que o reclamante &#x2013; que n&#xE3;o estava capacitado regularmente &#xE0; fun&#xE7;&#xE3;o &#x2013; cumpriu o &#x2018;procedimento padr&#xE3;o&#x2019; &#x2013; de &#x2018;padr&#xE3;o&#x2019;, apenas o nome &#x2013; definido pelo reclamado e acabou v&#xED;tima de acidente de trabalho de natureza grave&#x201D;. Ainda conforme o magistrado, mesmo sem a responsabilidade objetiva, haveria elementos suficientes para caracterizar a responsabilidade subjetiva da empresa, diante do descumprimento das normas de seguran&#xE7;a e da obriga&#xE7;&#xE3;o de garantir um ambiente de trabalho seguro.<\/p>\n<p><strong>Pens&#xE3;o e danos morais<\/strong><\/p>\n<p>O laudo pericial concluiu que o trabalhador apresenta incapacidade para a fun&#xE7;&#xE3;o de instalador e reparador de rede, restando apenas capacidade para atividades compat&#xED;veis com severas restri&#xE7;&#xF5;es. O juiz destacou que a perda de sensibilidade nos membros superiores inviabiliza o retorno &#xE0; atividade, que envolve trabalho em altura, risco el&#xE9;trico e esfor&#xE7;o manual intenso, o que aumenta&#xA0; a probabilidade de novos acidentes.<\/p>\n<p>Diante disso, a empresa foi condenada ao pagamento de pens&#xE3;o mensal, fixada em parcela &#xFA;nica, correspondente ao percentual de incapacidade do empregado desde a data do acidente.<\/p>\n<p>A empresa tamb&#xE9;m ter&#xE1; de pagar compensa&#xE7;&#xE3;o pelos danos morais e est&#xE9;ticos, neste &#xFA;ltimo caso, decorrentes das cicatrizes das queimaduras. Para o magistrado, s&#xE3;o evidentes os preju&#xED;zos sofridos pelo jovem trabalhador, que teve a sa&#xFA;de e a integridade f&#xED;sica comprometidas de forma permanente. A indeniza&#xE7;&#xE3;o por dano moral foi fixada em cerca de R$ 58 mil, dentro dos limites do pedido apresentado na a&#xE7;&#xE3;o, e o dano est&#xE9;tico, em R$ 25 mil.<\/p>\n<p><strong>Abril Verde<\/strong><\/p>\n<p>Em 2026, a campanha institucional da Justi&#xE7;a do Trabalho adota o slogan &#x201C;Trabalho mais saud&#xE1;vel e seguro para todos&#x201D;. Durante o m&#xEA;s de abril, destaca-se o Dia Mundial da Sa&#xFA;de, em 7 de abril, e o Dia Nacional em Mem&#xF3;ria das V&#xED;timas de Acidentes e Doen&#xE7;as do Trabalho, em 28 de abril, para refor&#xE7;ar o compromisso com ambientes de trabalho seguros e saud&#xE1;veis<\/p>\n<p><strong>Fonte:<\/strong> Cidades &#8211; O DOCUMENTO | Confira as principais not\u00edcias de Cuiab\u00e1, Mato Grosso e regi\u00e3o (https:\/\/odocumento.com.br\/jovem-e-indenizado-apos-acidente-com-eletricidade-no-primeiro-emprego-em-mt\/)<\/p>\n","protected":false},"excerpt":{"rendered":"<p>Um instalador de rede el&#xE9;trica, de 20 anos, garantiu na Justi&#xE7;a pens&#xE3;o e indeniza&#xE7;&#xE3;o ap&#xF3;s<\/p>\n","protected":false},"author":2,"featured_media":84180,"comment_status":"open","ping_status":"open","sticky":false,"template":"","format":"standard","meta":{"footnotes":""},"categories":[7],"tags":[],"aioseo_notices":[],"_links":{"self":[{"href":"https:\/\/portalnewsgta.com.br\/index.php\/wp-json\/wp\/v2\/posts\/84179"}],"collection":[{"href":"https:\/\/portalnewsgta.com.br\/index.php\/wp-json\/wp\/v2\/posts"}],"about":[{"href":"https:\/\/portalnewsgta.com.br\/index.php\/wp-json\/wp\/v2\/types\/post"}],"author":[{"embeddable":true,"href":"https:\/\/portalnewsgta.com.br\/index.php\/wp-json\/wp\/v2\/users\/2"}],"replies":[{"embeddable":true,"href":"https:\/\/portalnewsgta.com.br\/index.php\/wp-json\/wp\/v2\/comments?post=84179"}],"version-history":[{"count":0,"href":"https:\/\/portalnewsgta.com.br\/index.php\/wp-json\/wp\/v2\/posts\/84179\/revisions"}],"wp:featuredmedia":[{"embeddable":true,"href":"https:\/\/portalnewsgta.com.br\/index.php\/wp-json\/wp\/v2\/media\/84180"}],"wp:attachment":[{"href":"https:\/\/portalnewsgta.com.br\/index.php\/wp-json\/wp\/v2\/media?parent=84179"}],"wp:term":[{"taxonomy":"category","embeddable":true,"href":"https:\/\/portalnewsgta.com.br\/index.php\/wp-json\/wp\/v2\/categories?post=84179"},{"taxonomy":"post_tag","embeddable":true,"href":"https:\/\/portalnewsgta.com.br\/index.php\/wp-json\/wp\/v2\/tags?post=84179"}],"curies":[{"name":"wp","href":"https:\/\/api.w.org\/{rel}","templated":true}]}}