{"id":84157,"date":"2026-04-28T23:55:41","date_gmt":"2026-04-29T02:55:41","guid":{"rendered":"https:\/\/portalnewsgta.com.br\/index.php\/2026\/04\/28\/documentario-sobre-trajetoria-de-waldir-bertulio-estreia-nesta-terca-feira-no-cine-teatro\/"},"modified":"2026-04-28T23:55:41","modified_gmt":"2026-04-29T02:55:41","slug":"documentario-sobre-trajetoria-de-waldir-bertulio-estreia-nesta-terca-feira-no-cine-teatro","status":"publish","type":"post","link":"https:\/\/portalnewsgta.com.br\/index.php\/2026\/04\/28\/documentario-sobre-trajetoria-de-waldir-bertulio-estreia-nesta-terca-feira-no-cine-teatro\/","title":{"rendered":"Document\u00e1rio sobre trajet\u00f3ria de Waldir Bert\u00falio estreia nesta ter\u00e7a-feira no Cine Teatro"},"content":{"rendered":"<p><img decoding=\"async\" src=\"https:\/\/odocumento.com.br\/content\/images\/2026\/04\/waldir-bertulio---um-grio-entre-n--s--1-.jpg\" alt=\"Document&#xE1;rio sobre trajet&#xF3;ria de Waldir Bert&#xFA;lio estreia nesta ter&#xE7;a-feira no Cine Teatro\"><\/p>\n<p>O document&#xE1;rio &#x201C;Waldir Bert&#xFA;lio: Um gri&#xF4; Entre N&#xF3;s&#x201D;, que registra a trajet&#xF3;ria do homenageado em defesa dos saberes da cultura mato-grossense, estreia, nesta ter&#xE7;a-feira (28), &#xE0;s 19h30, no Cine Teatro Cuiab&#xE1;, com entrada gratuita. O curta-metragem foi contemplado pela Secretaria de Estado de Cultura, Esporte e Lazer (Secel) no edital de Fomento Audiovisual &#8211; Document&#xE1;rio Tem&#xE1;tico, edi&#xE7;&#xE3;o Lei Paulo Gustavo.<\/p>\n<p>Com dire&#xE7;&#xE3;o de Maria Clara Bert&#xFA;lio, que parte da rela&#xE7;&#xE3;o familiar para retratar o pai como guardi&#xE3;o de saberes e tradi&#xE7;&#xF5;es, o filme tem dura&#xE7;&#xE3;o aproximada de 30 minutos e classifica&#xE7;&#xE3;o livre.<\/p>\n<p>A narrativa surge a partir de conversas, lembran&#xE7;as e da tentativa de traduzir a figura do gri&#xF4;, termo que nasce da tradi&#xE7;&#xE3;o oral africana utilizado para se referir a quem preserva e transmite hist&#xF3;rias. O document&#xE1;rio tamb&#xE9;m evidencia a sua contribui&#xE7;&#xE3;o para a cultura e para os movimentos sociais mato-grossenses.&#xA0;<\/p>\n<p>&#x201C;O que me mobilizou a fazer esse document&#xE1;rio foi a pr&#xF3;pria necessidade de contar as nossas hist&#xF3;rias, de registrar a trajet&#xF3;ria de figuras importantes da nossa cultura mato-grossense e fazer essas homenagens em vida, para quem contribuiu e lutou para que a gente tivesse conquistas importantes hoje em dia, tanto do ponto de vista dos movimentos sociais, dos movimentos culturais, da luta dentro dos espa&#xE7;os acad&#xEA;micos institucionais e tamb&#xE9;m pela defesa dos saberes populares&#x201D;, exp&#xF5;e Maria Clara.&#xA0;<\/p>\n<p>A diretora explica ainda que, mais do que um contador de hist&#xF3;rias, o gri&#xF4; &#xE9; guardi&#xE3;o da mem&#xF3;ria, da cultura e dos saberes de um povo.<\/p>\n<p>&#x201C;Gri&#xF4; &#xE9; uma figura de resist&#xEA;ncia, reconhecida pela pr&#xF3;pria comunidade por manter viva a tradi&#xE7;&#xE3;o atrav&#xE9;s da oralidade. Nosso curta-document&#xE1;rio nasce desse significado. Ao contar a trajet&#xF3;ria do mestre, tamb&#xE9;m revelamos a for&#xE7;a de uma hist&#xF3;ria coletiva, constru&#xED;da por gera&#xE7;&#xF5;es&#x201D;, enfatiza.<\/p>\n<figure class=\"kg-card kg-image-card\"><img decoding=\"async\" src=\"https:\/\/odocumento.com.br\/content\/images\/2026\/04\/waldir-bertulio---um-grio-entre-n--s.jpg\" class=\"kg-image\" alt=\"Document&#xE1;rio sobre trajet&#xF3;ria de Waldir Bert&#xFA;lio estreia nesta ter&#xE7;a-feira no Cine Teatro\" loading=\"lazy\" width=\"1024\" height=\"730\"><\/figure>\n<p><strong>Lan&#xE7;amento conjunto<\/strong><\/p>\n<p>&#xA0;&#x201C;Waldir Bert&#xFA;lio: Um gri&#xF4; Entre N&#xF3;s&#x201D; ser&#xE1; lan&#xE7;ado juntamente com &#x201C;Seu Fiuza&#x201D;, outro document&#xE1;rio que tamb&#xE9;m reconstr&#xF3;i, a partir de viv&#xEA;ncias pessoais, trajet&#xF3;rias atravessadas pela ditadura militar em Mato Grosso.&#xA0;<\/p>\n<p>Dirigido por L&#xED;via Fiuza, o curta-metragem acompanha a rela&#xE7;&#xE3;o entre neta e av&#xF4; para narrar a trajet&#xF3;ria de Rubens Fiuza, jornalista que enfrentou as marcas da ditadura e utilizou sua profiss&#xE3;o como instrumento de den&#xFA;ncia e transforma&#xE7;&#xE3;o social.<\/p>\n<p>&#x201C;O filme nasce do desejo de enfrentar apagamentos hist&#xF3;ricos, em especial de mem&#xF3;rias de um per&#xED;odo de repress&#xE3;o e luta por liberdade que tamb&#xE9;m movimentaram o territ&#xF3;rio mato-grossense&#x201D;, destaca L&#xED;via.<\/p>\n<p><strong>Ingressos<\/strong><\/p>\n<p>Para assistir a estreia dos dois filmes, o ingresso &#xE9; gratuito e est&#xE1; dispon&#xED;vel para retirada na plataforma Sympla,&#xA0;<a href=\"https:\/\/www.sympla.com.br\/evento\/estreia-seu-fiuza-e-waldir-bertulio-um-grio-entre-nos\/3382551?share_id=copiarlink&amp;referrer=www.google.com&amp;referrer=www.google.com&amp;ref=odocumento.com.br\">clicando aqui<\/a>. Tamb&#xE9;m ser&#xE3;o disponibilizados ingressos na bilheteria no dia da exibi&#xE7;&#xE3;o.<\/p>\n<p><strong>Fonte:<\/strong> Cidades &#8211; O DOCUMENTO | Confira as principais not\u00edcias de Cuiab\u00e1, Mato Grosso e regi\u00e3o (https:\/\/odocumento.com.br\/documentario-sobre-trajetoria-de-waldir-bertulio-estreia-nesta-terca-feira-no-cine-teatro\/)<\/p>\n","protected":false},"excerpt":{"rendered":"<p>O document&#xE1;rio &#x201C;Waldir Bert&#xFA;lio: Um gri&#xF4; Entre N&#xF3;s&#x201D;, que registra a trajet&#xF3;ria do homenageado em<\/p>\n","protected":false},"author":2,"featured_media":84158,"comment_status":"open","ping_status":"open","sticky":false,"template":"","format":"standard","meta":{"footnotes":""},"categories":[7],"tags":[],"aioseo_notices":[],"_links":{"self":[{"href":"https:\/\/portalnewsgta.com.br\/index.php\/wp-json\/wp\/v2\/posts\/84157"}],"collection":[{"href":"https:\/\/portalnewsgta.com.br\/index.php\/wp-json\/wp\/v2\/posts"}],"about":[{"href":"https:\/\/portalnewsgta.com.br\/index.php\/wp-json\/wp\/v2\/types\/post"}],"author":[{"embeddable":true,"href":"https:\/\/portalnewsgta.com.br\/index.php\/wp-json\/wp\/v2\/users\/2"}],"replies":[{"embeddable":true,"href":"https:\/\/portalnewsgta.com.br\/index.php\/wp-json\/wp\/v2\/comments?post=84157"}],"version-history":[{"count":0,"href":"https:\/\/portalnewsgta.com.br\/index.php\/wp-json\/wp\/v2\/posts\/84157\/revisions"}],"wp:featuredmedia":[{"embeddable":true,"href":"https:\/\/portalnewsgta.com.br\/index.php\/wp-json\/wp\/v2\/media\/84158"}],"wp:attachment":[{"href":"https:\/\/portalnewsgta.com.br\/index.php\/wp-json\/wp\/v2\/media?parent=84157"}],"wp:term":[{"taxonomy":"category","embeddable":true,"href":"https:\/\/portalnewsgta.com.br\/index.php\/wp-json\/wp\/v2\/categories?post=84157"},{"taxonomy":"post_tag","embeddable":true,"href":"https:\/\/portalnewsgta.com.br\/index.php\/wp-json\/wp\/v2\/tags?post=84157"}],"curies":[{"name":"wp","href":"https:\/\/api.w.org\/{rel}","templated":true}]}}