{"id":84149,"date":"2026-04-28T21:55:40","date_gmt":"2026-04-29T00:55:40","guid":{"rendered":"https:\/\/portalnewsgta.com.br\/index.php\/2026\/04\/28\/al-aponta-dependencia-externa-e-cobra-solucoes-para-reduzir-preco-dos-combustiveis-em-mt\/"},"modified":"2026-04-28T21:55:40","modified_gmt":"2026-04-29T00:55:40","slug":"al-aponta-dependencia-externa-e-cobra-solucoes-para-reduzir-preco-dos-combustiveis-em-mt","status":"publish","type":"post","link":"https:\/\/portalnewsgta.com.br\/index.php\/2026\/04\/28\/al-aponta-dependencia-externa-e-cobra-solucoes-para-reduzir-preco-dos-combustiveis-em-mt\/","title":{"rendered":"AL aponta depend\u00eancia externa e cobra solu\u00e7\u00f5es para reduzir pre\u00e7o dos combust\u00edveis em MT"},"content":{"rendered":"<p><img decoding=\"async\" src=\"https:\/\/odocumento.com.br\/content\/images\/2026\/04\/02fabbc027a7b6bcc01c6dcad95599d269f0debf24398.jpg\" alt=\"AL aponta depend&#xEA;ncia externa e cobra solu&#xE7;&#xF5;es para reduzir pre&#xE7;o dos combust&#xED;veis em MT\"><\/p>\n<p>A depend&#xEA;ncia do mercado externo e a falta de refinarias no Brasil foram apontadas como entraves para a redu&#xE7;&#xE3;o dos pre&#xE7;os dos combust&#xED;veis durante audi&#xEA;ncia p&#xFA;blica, realizada nesta ter&#xE7;a-feira (28), na Assembleia Legislativa de Mato Grosso (ALMT). O presidente da Comiss&#xE3;o de Defesa do Consumidor e do Contribuinte, deputado Faissal Calil (PL), defendeu medidas estruturais e imediatas para aliviar o bolso do consumidor.<\/p>\n<p>&#x201C;Existe toda uma engrenagem na forma&#xE7;&#xE3;o do pre&#xE7;o. Passa pela ind&#xFA;stria, distribuidoras e chega aos postos, que trabalham com margem pequena e alto risco. E eventos recentes, como a guerra e quest&#xF5;es internacionais, impactam diretamente no valor final&#x201D;, afirmou.<\/p>\n<p>O parlamentar destacou que o Brasil ainda exporta petr&#xF3;leo bruto e importa combust&#xED;veis refinados, o que encarece o produto. &#x201C;&#xC9; como outros setores em que a gente n&#xE3;o beneficia o produto aqui. Mato Grosso &#xE9; autossuficiente na produ&#xE7;&#xE3;o de algod&#xE3;o, mas as roupas que a gente usa v&#xEA;m de fora porque n&#xE3;o beneficiamos o produto. A mesma coisa com os combust&#xED;veis diesel e gasolina. A falta de refinarias faz com que a gente dependa de fora. J&#xE1; o etanol sofre menos impacto porque &#xE9; consumido diretamente&#x201D;, explicou Faissal.<\/p>\n<p>Ele avaliou que a audi&#xEA;ncia pode gerar encaminhamentos concretos, como a cria&#xE7;&#xE3;o de um grupo de trabalho com &#xF3;rg&#xE3;os de fiscaliza&#xE7;&#xE3;o, setor produtivo e representantes do mercado para aprofundar o debate e propor solu&#xE7;&#xF5;es. Tamb&#xE9;m defendeu rigor na apura&#xE7;&#xE3;o de poss&#xED;veis pr&#xE1;ticas irregulares.&#xA0;<\/p>\n<p>&#x201C;A fiscaliza&#xE7;&#xE3;o deve ser feita com base em dados t&#xE9;cnicos. O Procon &#xE9; o &#xF3;rg&#xE3;o respons&#xE1;vel e vamos aguardar esses levantamentos&#x201D;, disse.<\/p>\n<p>Representando a Secretaria de Estado de Fazenda (Sefaz\/MT), o secret&#xE1;rio-adjunto da Receita P&#xFA;blica, Lucas Elmo, afirmou que o objetivo da participa&#xE7;&#xE3;o na audi&#xEA;ncia foi esclarecer a pol&#xED;tica tribut&#xE1;ria e ouvir sugest&#xF5;es.<\/p>\n<p>&#x201C;O foco das medidas &#xE9; conter o impacto do diesel na economia, manter impostos controlados e incentivar a produ&#xE7;&#xE3;o de etanol, equilibrando arrecada&#xE7;&#xE3;o e desenvolvimento econ&#xF4;mico em Mato Grosso&#x201D;, explicou.<\/p>\n<p>Segundo ele, a tributa&#xE7;&#xE3;o acompanha o pre&#xE7;o de mercado e o Estado tem limita&#xE7;&#xF5;es para intervir diretamente. Tamb&#xE9;m destacou a influ&#xEA;ncia do cen&#xE1;rio internacional da guerra entre Estados Unidos da Am&#xE9;rica e Ir&#xE3;. &#x201C;&#xC9; not&#xF3;rio o impacto do pre&#xE7;o do petr&#xF3;leo, isso influencia na log&#xED;stica, na distribui&#xE7;&#xE3;o e na tributa&#xE7;&#xE3;o. &#xC9; inevit&#xE1;vel&#x201D;, afirmou.<\/p>\n<p>Ele citou ainda a Medida Provis&#xF3;ria 1349\/26 do governo federal que institui o Regime Emergencial de Abastecimento Interno de Combust&#xED;veis e altera a Medida Provis&#xF3;ria n&#xBA; 1.340, de 12 de mar&#xE7;o de 2026, a Lei n&#xBA; 9.847, de 26 de outubro de 1999, e a Lei n&#xBA; 12.462, de 4 de agosto de 2011. &#x201C;Essa medida foi editada no m&#xEA;s passado e Mato Grosso est&#xE1; analisando a ades&#xE3;o. &#xC9; uma tentativa de reduzir o impacto, tanto que o aumento do diesel no Brasil tem sido menor que em outros pa&#xED;ses&#x201D;, pontuou.<\/p>\n<p>O presidente do Sindipetr&#xF3;leo-MT, Claudyson Martins Alves, afirmou que os postos seguem os reajustes repassados pelas distribuidoras e que o cen&#xE1;rio em Mato Grosso acompanha a m&#xE9;dia nacional. Dos 1,1 mil postos de combust&#xED;veis distribu&#xED;dos no Estado, 50% est&#xE3;o filiados ao Sindipetr&#xF3;leo, entidade que trabalha para chegar a 80%.<\/p>\n<p>&#x201C;A distribuidora aumentou, a gente aumenta. Diminuiu, a gente diminui. Hoje a gasolina est&#xE1; em m&#xE9;dia R$ 6,73 na bomba. O etanol continua mais competitivo, na faixa de R$ 4,34 a R$ 4,38&#x201D;, disse.<\/p>\n<p>Ele avaliou que o aumento da demanda em momentos de instabilidade contribui para a alta dos pre&#xE7;os. &#x201C;Quando h&#xE1; medo de desabastecimento, aumenta o consumo e isso gera especula&#xE7;&#xE3;o. A&#xED; sobe o combust&#xED;vel, sobe o transporte e impacta tudo&#x201D;, afirmou.<\/p>\n<p>Claudyson tamb&#xE9;m alertou para os riscos do cen&#xE1;rio internacional. &#x201C;Se essa guerra continuar, pode faltar combust&#xED;vel no mundo. J&#xE1; h&#xE1; relatos de cancelamento de voos na Europa. Isso pode chegar aqui&#x201D;, disse.<\/p>\n<p>Ele apontou ainda o biodiesel e o etanol como alternativas. &#x201C;O caminho pode ser ampliar a mistura e fortalecer esses combust&#xED;veis&#x201D;.<\/p>\n<p><strong>DEBATE&#xA0;<\/strong>&#8211; A audi&#xEA;ncia p&#xFA;blica foi proposta por meio do Requerimento n&#xBA; 223\/2026, para discutir a alta dos combust&#xED;veis, a transpar&#xEA;ncia na forma&#xE7;&#xE3;o de pre&#xE7;os e os impactos ao consumidor.<\/p>\n<p>Na justificativa, a Comiss&#xE3;o de Defesa do Consumidor e do Contribuinte destaca que os combust&#xED;veis s&#xE3;o insumos essenciais para a economia e que a eleva&#xE7;&#xE3;o dos pre&#xE7;os afeta diretamente o custo de vida da popula&#xE7;&#xE3;o.<\/p>\n<p><strong>Fonte:<\/strong> Pol\u00edtica &#8211; O DOCUMENTO | Confira as principais not\u00edcias de Cuiab\u00e1, Mato Grosso e regi\u00e3o (https:\/\/odocumento.com.br\/al-aponta-dependencia-externa-e-cobra-solucoes-para-reduzir-preco-dos-combustiveis-em-mt\/)<\/p>\n","protected":false},"excerpt":{"rendered":"<p>A depend&#xEA;ncia do mercado externo e a falta de refinarias no Brasil foram apontadas como<\/p>\n","protected":false},"author":2,"featured_media":84150,"comment_status":"open","ping_status":"open","sticky":false,"template":"","format":"standard","meta":{"footnotes":""},"categories":[2],"tags":[],"aioseo_notices":[],"_links":{"self":[{"href":"https:\/\/portalnewsgta.com.br\/index.php\/wp-json\/wp\/v2\/posts\/84149"}],"collection":[{"href":"https:\/\/portalnewsgta.com.br\/index.php\/wp-json\/wp\/v2\/posts"}],"about":[{"href":"https:\/\/portalnewsgta.com.br\/index.php\/wp-json\/wp\/v2\/types\/post"}],"author":[{"embeddable":true,"href":"https:\/\/portalnewsgta.com.br\/index.php\/wp-json\/wp\/v2\/users\/2"}],"replies":[{"embeddable":true,"href":"https:\/\/portalnewsgta.com.br\/index.php\/wp-json\/wp\/v2\/comments?post=84149"}],"version-history":[{"count":0,"href":"https:\/\/portalnewsgta.com.br\/index.php\/wp-json\/wp\/v2\/posts\/84149\/revisions"}],"wp:featuredmedia":[{"embeddable":true,"href":"https:\/\/portalnewsgta.com.br\/index.php\/wp-json\/wp\/v2\/media\/84150"}],"wp:attachment":[{"href":"https:\/\/portalnewsgta.com.br\/index.php\/wp-json\/wp\/v2\/media?parent=84149"}],"wp:term":[{"taxonomy":"category","embeddable":true,"href":"https:\/\/portalnewsgta.com.br\/index.php\/wp-json\/wp\/v2\/categories?post=84149"},{"taxonomy":"post_tag","embeddable":true,"href":"https:\/\/portalnewsgta.com.br\/index.php\/wp-json\/wp\/v2\/tags?post=84149"}],"curies":[{"name":"wp","href":"https:\/\/api.w.org\/{rel}","templated":true}]}}