{"id":84071,"date":"2026-04-27T21:56:35","date_gmt":"2026-04-28T00:56:35","guid":{"rendered":"https:\/\/portalnewsgta.com.br\/index.php\/2026\/04\/27\/ex-senador-critica-demagogia-e-defende-acordo-direto-entre-patrao-e-empregado-sobre-6x1\/"},"modified":"2026-04-27T21:56:35","modified_gmt":"2026-04-28T00:56:35","slug":"ex-senador-critica-demagogia-e-defende-acordo-direto-entre-patrao-e-empregado-sobre-6x1","status":"publish","type":"post","link":"https:\/\/portalnewsgta.com.br\/index.php\/2026\/04\/27\/ex-senador-critica-demagogia-e-defende-acordo-direto-entre-patrao-e-empregado-sobre-6x1\/","title":{"rendered":"Ex-senador cr\u00edtica \u201cdemagogia\u201d e defende acordo direto entre patr\u00e3o e empregado sobre 6&#215;1"},"content":{"rendered":"<p><img decoding=\"async\" src=\"https:\/\/odocumento.com.br\/content\/images\/2026\/04\/Cidinho-Santos-e1774876815259.jpeg\" alt=\"Ex-senador cr&#xED;tica &#x201C;demagogia&#x201D; e defende acordo direto entre patr&#xE3;o e empregado sobre 6x1\"><\/p>\n<p>O ex-senador e CEO do Grupo MC Empreendimentos e Participa&#xE7;&#xF5;es, Cidinho Santos, entrou no debate sobre o fim da escala 6&#215;1 com cr&#xED;ticas ao que classificou como &#x201C;demagogia&#x201D; e refor&#xE7;ou a defesa da livre iniciativa nas rela&#xE7;&#xF5;es de trabalho. <\/p>\n<p>Ele citou como exemplo o frigor&#xED;fico dele Uni&#xE3;o Av&#xED;cola, em Nova Maril&#xE2;ndia, onde afirma que mais de 90% dos colaboradores j&#xE1; atuam no regime 5&#215;2, adotado a partir de negocia&#xE7;&#xE3;o direta entre empresa e equipe.<\/p>\n<p>&#x201C;A discuss&#xE3;o sobre o fim da escala 6&#215;1 precisa sair do campo da demagogia e ser trazida para a realidade. E por isso resolvi me posicionar. Na nossa empresa, por exemplo, mais de 90% da equipe j&#xE1; trabalha no regime 5&#215;2, respeitando sempre a negocia&#xE7;&#xE3;o direta entre o colaborador e a empresa. Isso &#xE9; fruto de di&#xE1;logo, n&#xE3;o de imposi&#xE7;&#xE3;o governamental&#x201D;, disse em postagem nas redes sociais no feriado de Tiradentes, em 21 de abril.<\/p>\n<p>No v&#xED;deo, o empres&#xE1;rio mostrou a rotina de trabalho na unidade e destacou a flexibilidade na organiza&#xE7;&#xE3;o das jornadas, incluindo acordos para troca de dias de folga conforme a necessidade dos colaboradores.<\/p>\n<p>&#x201C;Estamos aqui no frigor&#xED;fico com os nossos colaboradores todos trabalhando. E hoje &#xE9; feriado. Mas eles, como acordo, trocaram o dia de ontem para o dia de hoje. Aproveitaram o final de semana, ter uma folga mais estendida, e hoje est&#xE3;o trabalhando. Isso que n&#xF3;s queremos falar da liberdade entre patr&#xF5;es e empregados para negociar&#x201D;.<\/p>\n<p>Cidinho afirmou que mudan&#xE7;as impostas pelo governo na jornada de trabalho n&#xE3;o refletem a realidade das empresas e dos trabalhadores, defendendo que esse tipo de defini&#xE7;&#xE3;o deve ocorrer no ambiente interno das organiza&#xE7;&#xF5;es, com participa&#xE7;&#xE3;o dos pr&#xF3;prios colaboradores e, quando necess&#xE1;rio, dos sindicatos.<\/p>\n<p>&#x201C;O governo n&#xE3;o deveria interferir na liberdade de quem produz e de quem trabalha. Se o objetivo fosse realmente ajudar o trabalhador, ao inv&#xE9;s de populismo e manipula&#xE7;&#xE3;o em per&#xED;odo eleitoral, deveriam focar no que faria a diferen&#xE7;a real no dia a dia.&#x201D;<\/p>\n<p>Entre as prioridades que, segundo ele, deveriam estar no foco das pol&#xED;ticas p&#xFA;blicas, est&#xE3;o a libera&#xE7;&#xE3;o recorrente do FGTS, melhores condi&#xE7;&#xF5;es de moradia, amplia&#xE7;&#xE3;o de creches e avan&#xE7;os na sa&#xFA;de, especialmente para mulheres e gestantes.<\/p>\n<p>O empres&#xE1;rio tamb&#xE9;m alertou para os impactos econ&#xF4;micos de mudan&#xE7;as na jornada sem considerar a din&#xE2;mica da produ&#xE7;&#xE3;o, afirmando que isso pode elevar custos e pressionar pre&#xE7;os.<\/p>\n<p>&#x201C;Al&#xE9;m disso, mudar a escala de trabalho sem olhar para os impactos na produ&#xE7;&#xE3;o tem um efeito colateral cruel: o aumento dos pre&#xE7;os dos produtos. No fim das contas o maior prejudicado &#8211; e quem pagar&#xE1; essa conta &#8211; ser&#xE1; o pr&#xF3;prio trabalhador. A verdade &#xE9; simples: quando se aumenta o custo de produ&#xE7;&#xE3;o &#xE0; for&#xE7;a, os pre&#xE7;os sobem e o &#x2018;benef&#xED;cio&#x2019; some. Que tenhamos menos pol&#xED;tica de rede social e mais solu&#xE7;&#xF5;es reais para o Brasil&#x201D;.<\/p>\n<p><strong>Fonte:<\/strong> Pol\u00edtica &#8211; O DOCUMENTO | Confira as principais not\u00edcias de Cuiab\u00e1, Mato Grosso e regi\u00e3o (https:\/\/odocumento.com.br\/ex-senador-critica-demagogia-e-defende-acordo-direto-entre-patrao-e-empregado-sobre-6&#215;1\/)<\/p>\n","protected":false},"excerpt":{"rendered":"<p>O ex-senador e CEO do Grupo MC Empreendimentos e Participa&#xE7;&#xF5;es, Cidinho Santos, entrou no debate<\/p>\n","protected":false},"author":2,"featured_media":84072,"comment_status":"open","ping_status":"open","sticky":false,"template":"","format":"standard","meta":{"footnotes":""},"categories":[2],"tags":[],"aioseo_notices":[],"_links":{"self":[{"href":"https:\/\/portalnewsgta.com.br\/index.php\/wp-json\/wp\/v2\/posts\/84071"}],"collection":[{"href":"https:\/\/portalnewsgta.com.br\/index.php\/wp-json\/wp\/v2\/posts"}],"about":[{"href":"https:\/\/portalnewsgta.com.br\/index.php\/wp-json\/wp\/v2\/types\/post"}],"author":[{"embeddable":true,"href":"https:\/\/portalnewsgta.com.br\/index.php\/wp-json\/wp\/v2\/users\/2"}],"replies":[{"embeddable":true,"href":"https:\/\/portalnewsgta.com.br\/index.php\/wp-json\/wp\/v2\/comments?post=84071"}],"version-history":[{"count":0,"href":"https:\/\/portalnewsgta.com.br\/index.php\/wp-json\/wp\/v2\/posts\/84071\/revisions"}],"wp:featuredmedia":[{"embeddable":true,"href":"https:\/\/portalnewsgta.com.br\/index.php\/wp-json\/wp\/v2\/media\/84072"}],"wp:attachment":[{"href":"https:\/\/portalnewsgta.com.br\/index.php\/wp-json\/wp\/v2\/media?parent=84071"}],"wp:term":[{"taxonomy":"category","embeddable":true,"href":"https:\/\/portalnewsgta.com.br\/index.php\/wp-json\/wp\/v2\/categories?post=84071"},{"taxonomy":"post_tag","embeddable":true,"href":"https:\/\/portalnewsgta.com.br\/index.php\/wp-json\/wp\/v2\/tags?post=84071"}],"curies":[{"name":"wp","href":"https:\/\/api.w.org\/{rel}","templated":true}]}}