{"id":84061,"date":"2026-04-27T18:55:58","date_gmt":"2026-04-27T21:55:58","guid":{"rendered":"https:\/\/portalnewsgta.com.br\/index.php\/2026\/04\/27\/policia-civil-da-posse-a-124-novos-investigadores-e-escrivaes-de-mato-grosso\/"},"modified":"2026-04-27T18:55:58","modified_gmt":"2026-04-27T21:55:58","slug":"policia-civil-da-posse-a-124-novos-investigadores-e-escrivaes-de-mato-grosso","status":"publish","type":"post","link":"https:\/\/portalnewsgta.com.br\/index.php\/2026\/04\/27\/policia-civil-da-posse-a-124-novos-investigadores-e-escrivaes-de-mato-grosso\/","title":{"rendered":"Pol\u00edcia Civil d\u00e1 posse a 124 novos investigadores e escriv\u00e3es de Mato Grosso"},"content":{"rendered":"<p><img decoding=\"async\" src=\"https:\/\/odocumento.com.br\/content\/images\/2026\/04\/9A3A7289.jpg\" alt=\"Pol&#xED;cia Civil d&#xE1; posse a 124 novos investigadores e escriv&#xE3;es de Mato Grosso\"><\/p>\n<p>A Pol&#xED;cia Civil promoveu nesta segunda-feira (27), a solenidade de posse dos 124 novos investigadores (55) e escriv&#xE3;es (69) de Mato Grosso. O ato ocorreu no audit&#xF3;rio da Secretaria de Estado de Planejamento (Seplag-MT), no Centro Pol&#xED;tico Administrativo, em Cuiab&#xE1;.<\/p>\n<p>De acordo com a delegada-geral da Pol&#xED;cia Civil, Daniela Maidel, a solenidade representa um momento importante para a institui&#xE7;&#xE3;o, ao receber esses novos policiais e refor&#xE7;ar a atua&#xE7;&#xE3;o operacional no interior do Estado. &#x201C;Esse refor&#xE7;o policial, conforme nosso planejamento estrat&#xE9;gico, ser&#xE1; lotado no interior do Estado, com &#xEA;nfase especial nas unidades que trabalham com viol&#xEA;ncia dom&#xE9;stica e no combate &#xE0;s fac&#xE7;&#xF5;es criminosas&#x201D;, enfatizou Maidel.<\/p>\n<figure class=\"kg-card kg-image-card\"><img decoding=\"async\" src=\"https:\/\/odocumento.com.br\/content\/images\/2026\/04\/9A3A7330.jpg\" class=\"kg-image\" alt=\"Pol&#xED;cia Civil d&#xE1; posse a 124 novos investigadores e escriv&#xE3;es de Mato Grosso\" loading=\"lazy\" width=\"1024\" height=\"683\"><\/figure>\n<p>Ciente da responsabilidade ainda maior que a fun&#xE7;&#xE3;o exige, a escriv&#xE3; Priscila Meirelles disse estar bastante emocionada com a posse e com a futura atua&#xE7;&#xE3;o no cargo. &#x201C;&#xC9; uma vit&#xF3;ria, uma conquista, sem sombra de d&#xFA;vidas. J&#xE1; me sinto preparada e honrada em pertencer a essa importante institui&#xE7;&#xE3;o&#x201D;, afirmou.<\/p>\n<p>Para o secret&#xE1;rio-adjunto de Seguran&#xE7;a P&#xFA;blica, Rodrigo Bastos da Silva, o processo de planejamento e execu&#xE7;&#xE3;o do concurso foi fundamental para esse incremento no efetivo. &#x201C;Foi um trabalho longo de planejamento estrat&#xE9;gico para alcan&#xE7;armos esse resultado. Esse refor&#xE7;o que a Pol&#xED;cia Civil recebe vai somar sobremaneira na atua&#xE7;&#xE3;o junto &#xE0;s unidades do interior do Estado&#x201D;, destacou Bastos, refor&#xE7;ando a fala da delegada-geral sobre a atua&#xE7;&#xE3;o desses policiais nos munic&#xED;pios do interior.<\/p>\n<figure class=\"kg-card kg-image-card\"><img decoding=\"async\" src=\"https:\/\/odocumento.com.br\/content\/images\/2026\/04\/9A3A7208--1-.jpg\" class=\"kg-image\" alt=\"Pol&#xED;cia Civil d&#xE1; posse a 124 novos investigadores e escriv&#xE3;es de Mato Grosso\" loading=\"lazy\" width=\"1024\" height=\"683\"><\/figure>\n<p>Aprovado em outro concurso no Paran&#xE1;, o investigador Vinicius Iori falou sobre a felicidade de retornar ao Estado de origem e poder servir na Pol&#xED;cia Civil de Mato Grosso. &#x201C;Eu estava servindo na Pol&#xED;cia Civil do Paran&#xE1;. Atuei l&#xE1; por alguns meses e ser&#xE1; uma felicidade imensa contribuir com a experi&#xEA;ncia que adquiri, agora, na Pol&#xED;cia Civil do meu estado&#x201D;, disse.<\/p>\n<p>Al&#xE9;m do secret&#xE1;rio-adjunto e da delegada-geral, a solenidade de posse contou com a presen&#xE7;a da senadora Margareth Buzetti, al&#xE9;m de outras autoridades da Pol&#xED;cia Civil, de &#xF3;rg&#xE3;os de seguran&#xE7;a e da sociedade civil organizada.<\/p>\n<p><strong>Aula inaugural<\/strong><\/p>\n<p>Logo ap&#xF3;s a solenidade de posse, os 124 policiais civis participaram da aula inaugural. Na ocasi&#xE3;o, a delegada-geral apresentou todo o corpo diretor da institui&#xE7;&#xE3;o incluindo o alto escal&#xE3;o, delegados regionais e demais estruturas de dire&#xE7;&#xE3;o e coordena&#xE7;&#xE3;o do &#xF3;rg&#xE3;o.<\/p>\n<figure class=\"kg-card kg-image-card\"><img decoding=\"async\" src=\"https:\/\/odocumento.com.br\/content\/images\/2026\/04\/9A3A7191.jpg\" class=\"kg-image\" alt=\"Pol&#xED;cia Civil d&#xE1; posse a 124 novos investigadores e escriv&#xE3;es de Mato Grosso\" loading=\"lazy\" width=\"1024\" height=\"683\"><\/figure>\n<p>Durante a aula, os alunos tamb&#xE9;m foram orientados sobre as expectativas da Pol&#xED;cia Civil em rela&#xE7;&#xE3;o a cada profissional. &#x201C;N&#xF3;s sabemos que a chegada &#xE9; sempre carregada de muita expectativa por parte dos novos policiais. Mas a institui&#xE7;&#xE3;o tamb&#xE9;m tem essa mesma expectativa sobre o trabalho de todos que ingressam&#x201D;, disse Maidel, destacando a import&#xE2;ncia da dedica&#xE7;&#xE3;o, do comprometimento e do respeito que cada policial deve ter com a institui&#xE7;&#xE3;o e com a sociedade.<\/p>\n<p>&#x201C;Voc&#xEA;s agora n&#xE3;o carregam apenas o nome de voc&#xEA;s. A partir de agora, tamb&#xE9;m carregam o nome da Pol&#xED;cia Civil. Tudo o que fizerem refletir&#xE1; na imagem da institui&#xE7;&#xE3;o. Por isso, a import&#xE2;ncia de reconhecer o valor que a Pol&#xED;cia Civil possui e sustentar esse valor&#x201D;, frisou a delegada-geral, ao refor&#xE7;ar a import&#xE2;ncia da conduta do policial, dentro e fora da institui&#xE7;&#xE3;o.<\/p>\n<figure class=\"kg-card kg-image-card\"><img decoding=\"async\" src=\"https:\/\/odocumento.com.br\/content\/images\/2026\/04\/9A3A7282.jpg\" class=\"kg-image\" alt=\"Pol&#xED;cia Civil d&#xE1; posse a 124 novos investigadores e escriv&#xE3;es de Mato Grosso\" loading=\"lazy\" width=\"1024\" height=\"683\"><\/figure>\n<p><strong>Curso de Forma&#xE7;&#xE3;o Policial (CFP)<\/strong><\/p>\n<p>Conforme o diretor da Academia de Pol&#xED;cia Civil (Acadepol), delegado Fausto Freitas, o Curso de Forma&#xE7;&#xE3;o Policial (CFP) inicia a partir desta ter&#xE7;a-feira (28.4), na sede da Acadepol, situada na Av. Dr. Meirelles, n&#xBA; 3823, no bairro S&#xE3;o Jo&#xE3;o Del Rei, em Cuiab&#xE1;.<\/p>\n<p>A previs&#xE3;o do CFP &#xE9; de aproximadamente seis meses. &quot;O curso ter&#xE1; carga hor&#xE1;ria de 856 horas-aula. Nesse per&#xED;odo de forma&#xE7;&#xE3;o, os alunos v&#xE3;o receber instru&#xE7;&#xF5;es que v&#xE3;o habilit&#xE1;-los a operar de forma t&#xE9;cnica e qualificada, contribuindo para manuten&#xE7;&#xE3;o da Justi&#xE7;a no nosso Estado, preservando, assim, a seguran&#xE7;a da popula&#xE7;&#xE3;o&quot;, disse Freitas.<\/p>\n<p><strong>Fonte:<\/strong> Cidades &#8211; O DOCUMENTO | Confira as principais not\u00edcias de Cuiab\u00e1, Mato Grosso e regi\u00e3o (https:\/\/odocumento.com.br\/policia-civil-da-posse-a-124-novos-investigadores-e-escrivaes-de-mato-grosso\/)<\/p>\n","protected":false},"excerpt":{"rendered":"<p>A Pol&#xED;cia Civil promoveu nesta segunda-feira (27), a solenidade de posse dos 124 novos investigadores<\/p>\n","protected":false},"author":2,"featured_media":84062,"comment_status":"open","ping_status":"open","sticky":false,"template":"","format":"standard","meta":{"footnotes":""},"categories":[7],"tags":[],"aioseo_notices":[],"_links":{"self":[{"href":"https:\/\/portalnewsgta.com.br\/index.php\/wp-json\/wp\/v2\/posts\/84061"}],"collection":[{"href":"https:\/\/portalnewsgta.com.br\/index.php\/wp-json\/wp\/v2\/posts"}],"about":[{"href":"https:\/\/portalnewsgta.com.br\/index.php\/wp-json\/wp\/v2\/types\/post"}],"author":[{"embeddable":true,"href":"https:\/\/portalnewsgta.com.br\/index.php\/wp-json\/wp\/v2\/users\/2"}],"replies":[{"embeddable":true,"href":"https:\/\/portalnewsgta.com.br\/index.php\/wp-json\/wp\/v2\/comments?post=84061"}],"version-history":[{"count":0,"href":"https:\/\/portalnewsgta.com.br\/index.php\/wp-json\/wp\/v2\/posts\/84061\/revisions"}],"wp:featuredmedia":[{"embeddable":true,"href":"https:\/\/portalnewsgta.com.br\/index.php\/wp-json\/wp\/v2\/media\/84062"}],"wp:attachment":[{"href":"https:\/\/portalnewsgta.com.br\/index.php\/wp-json\/wp\/v2\/media?parent=84061"}],"wp:term":[{"taxonomy":"category","embeddable":true,"href":"https:\/\/portalnewsgta.com.br\/index.php\/wp-json\/wp\/v2\/categories?post=84061"},{"taxonomy":"post_tag","embeddable":true,"href":"https:\/\/portalnewsgta.com.br\/index.php\/wp-json\/wp\/v2\/tags?post=84061"}],"curies":[{"name":"wp","href":"https:\/\/api.w.org\/{rel}","templated":true}]}}