{"id":84053,"date":"2026-04-27T15:55:57","date_gmt":"2026-04-27T18:55:57","guid":{"rendered":"https:\/\/portalnewsgta.com.br\/index.php\/2026\/04\/27\/abilio-recua-e-diz-que-nao-vai-interferir-na-eleicao-da-mesa-diretora-da-camara-de-cuiaba\/"},"modified":"2026-04-27T15:55:57","modified_gmt":"2026-04-27T18:55:57","slug":"abilio-recua-e-diz-que-nao-vai-interferir-na-eleicao-da-mesa-diretora-da-camara-de-cuiaba","status":"publish","type":"post","link":"https:\/\/portalnewsgta.com.br\/index.php\/2026\/04\/27\/abilio-recua-e-diz-que-nao-vai-interferir-na-eleicao-da-mesa-diretora-da-camara-de-cuiaba\/","title":{"rendered":"Abilio recua e diz que n\u00e3o vai interferir na elei\u00e7\u00e3o da Mesa Diretora da C\u00e2mara de Cuiab\u00e1"},"content":{"rendered":"<p><img decoding=\"async\" src=\"https:\/\/odocumento.com.br\/content\/images\/2026\/04\/7695c68e9559f00fcd8660eaf52ba807.jpg\" alt=\"Abilio recua e diz que n&#xE3;o vai interferir na elei&#xE7;&#xE3;o da Mesa Diretora da C&#xE2;mara de Cuiab&#xE1;\"><\/p>\n<p><strong><em>Conte&#xFA;do\/ODOC <\/em><\/strong>&#8211; O prefeito de Cuiab&#xE1;, Abilio Brunini (PL), afirmou que decidiu se afastar das articula&#xE7;&#xF5;es envolvendo a elei&#xE7;&#xE3;o da Mesa Diretora da C&#xE2;mara Municipal para o bi&#xEA;nio 2027\/2028. A escolha dos novos dirigentes do Legislativo est&#xE1; prevista para ocorrer em 25 de agosto.<\/p>\n<p>Em declara&#xE7;&#xE3;o recente, o prefeito sinalizou mudan&#xE7;a de postura ao afirmar que n&#xE3;o pretende mais atuar nos bastidores do processo. &#x201C;N&#xE3;o vou mais mexer com isso a&#xED;, n&#xE3;o vou mais discutir elei&#xE7;&#xE3;o de Mesa Diretora, vou deixar quieto, eles que se resolvam isso&#x201D;, disse.<\/p>\n<p>A disputa interna segue em andamento e tem como principais nomes os vereadores Ilde Taques (Podemos) e Dilem&#xE1;rio Alencar (Uni&#xE3;o Brasil), que atualmente ocupa a fun&#xE7;&#xE3;o de l&#xED;der do Executivo na C&#xE2;mara. Nos bastidores, Ilde aparece com maior volume de apoios entre os parlamentares, enquanto Dilem&#xE1;rio busca consolidar sua candidatura.<\/p>\n<p>A declara&#xE7;&#xE3;o de Abilio ocorre poucos dias ap&#xF3;s ele ter manifestado apoio &#xE0; perman&#xEA;ncia da atual presidente da Casa, Paula Calil (PL). No entanto, a legisla&#xE7;&#xE3;o municipal n&#xE3;o permite reelei&#xE7;&#xE3;o para o mesmo cargo dentro da Mesa Diretora.<\/p>\n<p>Diante dessa limita&#xE7;&#xE3;o, passou a ser discutida entre vereadores a possibilidade de mudan&#xE7;a nas regras internas para viabilizar uma nova candidatura de Paula, hip&#xF3;tese que ainda divide opini&#xF5;es no Legislativo.<\/p>\n<p>A elei&#xE7;&#xE3;o definir&#xE1; os ocupantes de cargos estrat&#xE9;gicos da C&#xE2;mara, como presid&#xEA;ncia, vice-presid&#xEA;ncias e secretarias. Os eleitos devem assumir as fun&#xE7;&#xF5;es a partir de 1&#xBA; de janeiro de 2027.<\/p>\n<p><strong>Fonte:<\/strong> Pol\u00edtica &#8211; O DOCUMENTO | Confira as principais not\u00edcias de Cuiab\u00e1, Mato Grosso e regi\u00e3o (https:\/\/odocumento.com.br\/abilio-recua-e-diz-que-nao-vai-interferir-na-eleicao-da-mesa-diretora-da-camara-de-cuiaba\/)<\/p>\n","protected":false},"excerpt":{"rendered":"<p>Conte&#xFA;do\/ODOC &#8211; O prefeito de Cuiab&#xE1;, Abilio Brunini (PL), afirmou que decidiu se afastar das<\/p>\n","protected":false},"author":2,"featured_media":84054,"comment_status":"open","ping_status":"open","sticky":false,"template":"","format":"standard","meta":{"footnotes":""},"categories":[2],"tags":[],"aioseo_notices":[],"_links":{"self":[{"href":"https:\/\/portalnewsgta.com.br\/index.php\/wp-json\/wp\/v2\/posts\/84053"}],"collection":[{"href":"https:\/\/portalnewsgta.com.br\/index.php\/wp-json\/wp\/v2\/posts"}],"about":[{"href":"https:\/\/portalnewsgta.com.br\/index.php\/wp-json\/wp\/v2\/types\/post"}],"author":[{"embeddable":true,"href":"https:\/\/portalnewsgta.com.br\/index.php\/wp-json\/wp\/v2\/users\/2"}],"replies":[{"embeddable":true,"href":"https:\/\/portalnewsgta.com.br\/index.php\/wp-json\/wp\/v2\/comments?post=84053"}],"version-history":[{"count":0,"href":"https:\/\/portalnewsgta.com.br\/index.php\/wp-json\/wp\/v2\/posts\/84053\/revisions"}],"wp:featuredmedia":[{"embeddable":true,"href":"https:\/\/portalnewsgta.com.br\/index.php\/wp-json\/wp\/v2\/media\/84054"}],"wp:attachment":[{"href":"https:\/\/portalnewsgta.com.br\/index.php\/wp-json\/wp\/v2\/media?parent=84053"}],"wp:term":[{"taxonomy":"category","embeddable":true,"href":"https:\/\/portalnewsgta.com.br\/index.php\/wp-json\/wp\/v2\/categories?post=84053"},{"taxonomy":"post_tag","embeddable":true,"href":"https:\/\/portalnewsgta.com.br\/index.php\/wp-json\/wp\/v2\/tags?post=84053"}],"curies":[{"name":"wp","href":"https:\/\/api.w.org\/{rel}","templated":true}]}}